{"id":213195,"date":"2026-01-03T10:52:14","date_gmt":"2026-01-03T10:52:14","guid":{"rendered":"https:\/\/www.europesays.com\/pt\/213195\/"},"modified":"2026-01-03T10:52:14","modified_gmt":"2026-01-03T10:52:14","slug":"a-heranca-drama-sofia-quer-entregar-se-a-policia-pela-morte-de-amelia-mas-e-impedida-e-nem-imagina-por-quem-novelas","status":"publish","type":"post","link":"https:\/\/www.europesays.com\/pt\/213195\/","title":{"rendered":"A Heran\u00e7a. Drama: Sofia quer entregar-se \u00e0 pol\u00edcia pela morte de Am\u00e9lia, mas \u00e9 impedida e nem imagina por quem &#8211; Novelas"},"content":{"rendered":"<p>A morte de Am\u00e9lia (Ana Bustorff) vai trazer uma grande reviravolta na novela da SIC. Completamente em choque com o que aconteceu, Sofia (Patr\u00edcia Tavares) quer entregar-se \u00e0 pol\u00edcia. E vai mesmo marcar um encontro com Clara (Sandra Barata Belo) para o fazer. <\/p>\n<p>Em casa, a empres\u00e1ria atende uma chamada da inspetora, que a adverte que v\u00e3o descobrir quem pirateou o carro de Vicente (Ricardo Pereira) e reitera que devem contar a verdade se estiveram de alguma forma envolvidos. Sofia fica nervosa e mente, dizendo que n\u00e3o faz ideia de quem tenha matado Am\u00e9lia, desligando. <\/p>\n<p>        &#13;<\/p>\n<p>                        &#13;<br \/>\n                            <img decoding=\"async\" src=\"https:\/\/www.europesays.com\/pt\/wp-content\/uploads\/2026\/01\/img_220x220uu2025-12-30-21-00-10-401313-im-639027253116300373.jpg\" class=\"img_fluid\" loading=\"lazy\" alt=\"\"\/>&#13;<\/p>\n<p class=\"title\">Ler tamb\u00e9m<\/p>\n<p>                    <a href=\"https:\/\/www.tvguia.pt\/novelas\/detalhe\/a-heranca-choque-amelia-morre-para-impedir-que-pilar-e-sofia-matem-vicente\" class=\"streched_link\" title=\"\" content_list_position=\"1\" rel=\"nofollow noopener\" target=\"_blank\">A Heran\u00e7a. Choque: Am\u00e9lia morre para impedir que Pilar e Sofia matem Vicente <\/a><\/p>\n<p>            &#13;<\/p>\n<p>Destro\u00e7ada, desabafa com Gon\u00e7alo (Jos\u00e9 Mata) e admite que n\u00e3o sabe se vai conseguir ficar calada. O namorado diz-lhe que na realidade n\u00e3o mentiu, pois n\u00e3o sabe quem foi o autor dos disparos. <\/p>\n<p>Horas depois, Beatriz (B\u00e1rbara Branco) procura pela m\u00e3e em casa. Gon\u00e7alo conta-lhe que ela foi ter com Clara \u00e0 residencial, que conversaram e que a pol\u00edcia a pressionou, mas que ele a aconselhou a n\u00e3o falar sobre o assunto. Beatriz declara que a t\u00eam de impedir, mas o ex-namorado argumenta que a decis\u00e3o \u00e9 de Sofia. <\/p>\n<p>        &#13;<\/p>\n<p>                        &#13;<br \/>\n                            <img decoding=\"async\" src=\"https:\/\/www.europesays.com\/pt\/wp-content\/uploads\/2026\/01\/img_220x220uu2025-12-30-17-16-25-401284-im-639027118371196169.jpg\" class=\"img_fluid\" loading=\"lazy\" alt=\"\"\/>&#13;<\/p>\n<p class=\"title\">Ler tamb\u00e9m<\/p>\n<p>                    <a href=\"https:\/\/www.tvguia.pt\/novelas\/detalhe\/a-heranca-teresinha-fugiu-de-ribeira-fria-mas-vai-desaparecer-da-novela-saiba-o-futuro-de-laura-dutra-na-novela-da-sic\" class=\"streched_link\" title=\"\" content_list_position=\"2\" rel=\"nofollow noopener\" target=\"_blank\">A Heran\u00e7a: Teresinha fugiu de Ribeira Fria, mas vai desaparecer da novela? Saiba o futuro de Laura Dutra na trama da SIC <\/a><\/p>\n<p>            &#13;<\/p>\n<p>Desesperada, a rapariga procura pela m\u00e3e na residencial, quando v\u00ea Clara a descer dos quartos e ela acena-lhe. Beatriz ignora e vai ter com a m\u00e3e. Sim\u00e3o (Tiago Felizardo) e a inspetora estranham a pressa da rapariga. <\/p>\n<p>Sofia \u00e9 apanhada de surpresa com a sua chegada. Beatriz pede-lhe que n\u00e3o conte nada, que o fa\u00e7a por Pedro (Crist\u00f3v\u00e3o Campos) e In\u00eas (D\u00e2nia Neto), pois n\u00e3o precisam de mais problemas al\u00e9m do coma do filho. Sofia fica tensa. Clara aproxima-se e pergunta-lhe o porqu\u00ea do encontro, mas a amiga hesita na resposta. <\/p>\n<p>        &#13;<\/p>\n<p>                        &#13;<br \/>\n                            <img decoding=\"async\" src=\"https:\/\/www.europesays.com\/pt\/wp-content\/uploads\/2026\/01\/img_220x220uu2025-10-20-17-01-30-397091.jpg\" class=\"img_fluid\" loading=\"lazy\" alt=\"\"\/>&#13;<\/p>\n<p class=\"title\">Ler tamb\u00e9m<\/p>\n<p>                    <a href=\"https:\/\/www.tvguia.pt\/novelas\/detalhe\/a-heranca-vinganca-final-pilar-e-sofia-dao-inicio-a-plano-maquiavelico-para-destruir-vicente-de-uma-vez-por-todas\" class=\"streched_link\" title=\"\" content_list_position=\"3\" rel=\"nofollow noopener\" target=\"_blank\">A Heran\u00e7a. Vingan\u00e7a final: Pilar e Sofia d\u00e3o in\u00edcio a plano maquiav\u00e9lico para destruir Vicente de uma vez por todas <\/a><\/p>\n<p>            &#13;<\/p>\n<p>Por fim, Sofia diz a Clara que est\u00e1 preocupada com a seguran\u00e7a face \u00e0s amea\u00e7as de Vicente. Beatriz fica aliviada e alinha na conversa, reiterando que o bandido est\u00e1 doido e at\u00e9 acusou Teresinha (Laura Dutra) de ter matado Am\u00e9lia. Clara adverte-as de que se estiveram envolvidas no tiroteio, n\u00e3o as poder\u00e1 proteger.  <\/p>\n<p>Saiba tudo sobre &#8216;A Heran\u00e7a&#8217; e as outras novelas na revista\u00a0<b>TV Guia\u00a0<\/b>desta semana, j\u00e1 nas bancas de Portugal, ou na vers\u00e3o digital,\u00a0<a href=\"https:\/\/assinaturas.xl.pt\/tv_guia\" rel=\"nofollow noopener\" target=\"_blank\">aqui<\/a>.\u00a0 \u00a0<\/p>\n<p>            &#13;<br \/>\n                &#13;<br \/>\n&#13;<br \/>\n&#13;<br \/>\n    &#13;<br \/>\n&#13;<br \/>\n&#13;<\/p>\n","protected":false},"excerpt":{"rendered":"A morte de Am\u00e9lia (Ana Bustorff) vai trazer uma grande reviravolta na novela da SIC. Completamente em choque&hellip;\n","protected":false},"author":2,"featured_media":213196,"comment_status":"","ping_status":"","sticky":false,"template":"","format":"standard","meta":{"footnotes":""},"categories":[142],"tags":[2795,2800,211,4988,4990,114,115,2801,32,33,1751,218,7793,151,40743],"class_list":{"0":"post-213195","1":"post","2":"type-post","3":"status-publish","4":"format-standard","5":"has-post-thumbnail","7":"category-tv","8":"tag-a-heranca","9":"tag-barbara-branco","10":"tag-celebridades","11":"tag-cristovao-campos","12":"tag-dania-neto","13":"tag-entertainment","14":"tag-entretenimento","15":"tag-jose-mata","16":"tag-portugal","17":"tag-pt","18":"tag-sic","19":"tag-televisao","20":"tag-tiago-felizardo","21":"tag-tv","22":"tag-tv-guia"},"share_on_mastodon":{"url":"https:\/\/pubeurope.com\/@pt\/115830793397200487","error":""},"_links":{"self":[{"href":"https:\/\/www.europesays.com\/pt\/wp-json\/wp\/v2\/posts\/213195","targetHints":{"allow":["GET"]}}],"collection":[{"href":"https:\/\/www.europesays.com\/pt\/wp-json\/wp\/v2\/posts"}],"about":[{"href":"https:\/\/www.europesays.com\/pt\/wp-json\/wp\/v2\/types\/post"}],"author":[{"embeddable":true,"href":"https:\/\/www.europesays.com\/pt\/wp-json\/wp\/v2\/users\/2"}],"replies":[{"embeddable":true,"href":"https:\/\/www.europesays.com\/pt\/wp-json\/wp\/v2\/comments?post=213195"}],"version-history":[{"count":0,"href":"https:\/\/www.europesays.com\/pt\/wp-json\/wp\/v2\/posts\/213195\/revisions"}],"wp:featuredmedia":[{"embeddable":true,"href":"https:\/\/www.europesays.com\/pt\/wp-json\/wp\/v2\/media\/213196"}],"wp:attachment":[{"href":"https:\/\/www.europesays.com\/pt\/wp-json\/wp\/v2\/media?parent=213195"}],"wp:term":[{"taxonomy":"category","embeddable":true,"href":"https:\/\/www.europesays.com\/pt\/wp-json\/wp\/v2\/categories?post=213195"},{"taxonomy":"post_tag","embeddable":true,"href":"https:\/\/www.europesays.com\/pt\/wp-json\/wp\/v2\/tags?post=213195"}],"curies":[{"name":"wp","href":"https:\/\/api.w.org\/{rel}","templated":true}]}}