{"id":213203,"date":"2026-01-03T11:00:15","date_gmt":"2026-01-03T11:00:15","guid":{"rendered":"https:\/\/www.europesays.com\/pt\/213203\/"},"modified":"2026-01-03T11:00:15","modified_gmt":"2026-01-03T11:00:15","slug":"china-pede-desenvolvimento-pacifico-dos-lacos-com-taiwan-observador","status":"publish","type":"post","link":"https:\/\/www.europesays.com\/pt\/213203\/","title":{"rendered":"China pede &#8220;desenvolvimento pac\u00edfico&#8221; dos la\u00e7os com Taiwan \u2013 Observador"},"content":{"rendered":"<p>O respons\u00e1vel do Governo chin\u00eas para os assuntos de Taiwan apelou nesta sexta-feira ao \u201c<strong>desenvolvimento pac\u00edfico<\/strong>\u201d das rela\u00e7\u00f5es entre os dois lados do Estreito, dias depois de Pequim lan\u00e7ar exerc\u00edcios militares em torno da ilha.<\/p>\n<p>O diretor do gabinete de assuntos de Taiwan do conselho de Estado (executivo) da China reafirmou que Pequim continuar\u00e1 a \u201c<strong>expandir os interc\u00e2mbios e a coopera\u00e7\u00e3o<\/strong>\u201d e a \u201c<strong>promover o desenvolvimento integrado<\/strong>\u201d com Taiwan.<\/p>\n<p>Numa mensagem de Ano Novo ao povo taiwan\u00eas, citada pela ag\u00eancia de not\u00edcias oficial chinesa Xinhua, Song Tao op\u00f4s-se \u00e0s \u201c<strong>atividades separatistas<\/strong>\u201d e \u00e0 \u201c<strong>inger\u00eancia externa<\/strong>\u201c, numa refer\u00eancia velada aos Estados Unidos (EUA) e ao Jap\u00e3o.<\/p>\n<p>Em novembro, a primeira-ministra japonesa, Sanae Takaichi, afirmou no parlamento que um eventual ataque chin\u00eas contra Taiwan poderia colocar o Jap\u00e3o numa \u201c<strong>situa\u00e7\u00e3o de crise<\/strong>\u201c, o que justificaria a <strong>interven\u00e7\u00e3o<\/strong> das for\u00e7as de autodefesa nip\u00f3nicas.<\/p>\n<p>H\u00e1 duas semanas, os <a href=\"https:\/\/observador.pt\/2025\/12\/30\/ministro-dos-negocios-estrangeiros-chines-critica-venda-de-armas-dos-eua-a-taiwan-no-segundo-dia-de-exercicios\/\" rel=\"nofollow noopener\" target=\"_blank\">EUA aprovaram um plano recorde de venda de armas a Taiwan<\/a> no valor de 11 mil milh\u00f5es de d\u00f3lares (9,3 mil milh\u00f5es de euros).<\/p>\n<p>\u201cEstamos dispostos a dialogar e a realizar consultas com partidos pol\u00edticos, organiza\u00e7\u00f5es e indiv\u00edduos de todas as esferas da vida em Taiwan sobre as rela\u00e7\u00f5es entre os dois lados do Estreito e a reunifica\u00e7\u00e3o nacional, com base no \u2018princ\u00edpio de uma s\u00f3 China\u2019 e no consenso de 1992\u201d, declarou Song Tao.<\/p>\n<p>O princ\u00edpio \u201cuma s\u00f3 China\u201d, alcan\u00e7ado em 1992, declara que existe <strong>apenas uma China<\/strong> e que <strong>Taiwan faz parte da China<\/strong>, mas com Pequim e Taip\u00e9 a manterem interpreta\u00e7\u00f5es diferentes.<\/p>\n<p>As rela\u00e7\u00f5es entre os dois lados do Estreito \u201cavan\u00e7aram apesar das dificuldades\u201d em 2025, ganhando \u201cimpulso e for\u00e7a\u201d em apoio ao que Song Tao descreve como a <strong>reunifica\u00e7\u00e3o da China<\/strong>.<\/p>\n<p>O Governo de Taiwan alega que a ilha nunca fez parte da China comunista e que as pretens\u00f5es de soberania chinesas s\u00e3o <strong>ileg\u00edtimas<\/strong>.<\/p>\n<p>Song Tao destacou a maior facilidade de desloca\u00e7\u00e3o dos nacionais taiwaneses para a China continental, bem como o \u201caumento significativo\u201d do n\u00famero de jovens e \u201cvisitantes de primeira viagem\u201d vindos da ilha.<\/p>\n<p>O dirigente exortou ainda as pessoas de ambos os lados a \u201cassumirem as suas responsabilidades hist\u00f3ricas\u201d e a \u201cunirem for\u00e7as para se<strong> oporem ao separatismo<\/strong> e trabalharem pela reunifica\u00e7\u00e3o nacional\u201d, segundo a Xinhua.<\/p>\n<p>A China anunciou na quarta-feira ter conclu\u00eddo \u201ccom sucesso\u201d as manobras militares realizadas desde segunda-feira em redor de Taiwan, que inclu\u00edram <strong>tiros reais e simula\u00e7\u00f5es de bloqueio<\/strong> de portos estrat\u00e9gicos da ilha.<\/p>\n<p>O Presidente chin\u00eas, Xi Jinping, afirmou que a reunifica\u00e7\u00e3o do pa\u00eds <strong>n\u00e3o pode ser travada<\/strong>, num discurso \u00e0 na\u00e7\u00e3o pouco depois do an\u00fancio do fim dos exerc\u00edcios.<\/p>\n<p>Taip\u00e9 condenou os exerc\u00edcios, considerando-os \u201cuma <strong>provoca\u00e7\u00e3o<\/strong> flagrante contra a seguran\u00e7a regional e a ordem internacional\u201d.<\/p>\n","protected":false},"excerpt":{"rendered":"O respons\u00e1vel do Governo chin\u00eas para os assuntos de Taiwan apelou nesta sexta-feira ao \u201cdesenvolvimento pac\u00edfico\u201d das rela\u00e7\u00f5es&hellip;\n","protected":false},"author":2,"featured_media":213204,"comment_status":"","ping_status":"","sticky":false,"template":"","format":"standard","meta":{"footnotes":""},"categories":[50],"tags":[624,27,28,358,623,15,16,14,3878,25,26,21,22,62,12,13,19,20,3422,23,24,2365,17,18,3546,29,30,31,63,64,65],"class_list":{"0":"post-213203","1":"post","2":"type-post","3":"status-publish","4":"format-standard","5":"has-post-thumbnail","7":"category-mundo","8":"tag-amu00e9rica","9":"tag-breaking-news","10":"tag-breakingnews","11":"tag-china","12":"tag-estados-unidos-da-amu00e9rica","13":"tag-featured-news","14":"tag-featurednews","15":"tag-headlines","16":"tag-japu00e3o","17":"tag-latest-news","18":"tag-latestnews","19":"tag-main-news","20":"tag-mainnews","21":"tag-mundo","22":"tag-news","23":"tag-noticias","24":"tag-noticias-principais","25":"tag-noticiasprincipais","26":"tag-pequim","27":"tag-principais-noticias","28":"tag-principaisnoticias","29":"tag-taiwan","30":"tag-top-stories","31":"tag-topstories","32":"tag-u00c1sia","33":"tag-ultimas","34":"tag-ultimas-noticias","35":"tag-ultimasnoticias","36":"tag-world","37":"tag-world-news","38":"tag-worldnews"},"share_on_mastodon":{"url":"https:\/\/pubeurope.com\/@pt\/115830824858079531","error":""},"_links":{"self":[{"href":"https:\/\/www.europesays.com\/pt\/wp-json\/wp\/v2\/posts\/213203","targetHints":{"allow":["GET"]}}],"collection":[{"href":"https:\/\/www.europesays.com\/pt\/wp-json\/wp\/v2\/posts"}],"about":[{"href":"https:\/\/www.europesays.com\/pt\/wp-json\/wp\/v2\/types\/post"}],"author":[{"embeddable":true,"href":"https:\/\/www.europesays.com\/pt\/wp-json\/wp\/v2\/users\/2"}],"replies":[{"embeddable":true,"href":"https:\/\/www.europesays.com\/pt\/wp-json\/wp\/v2\/comments?post=213203"}],"version-history":[{"count":0,"href":"https:\/\/www.europesays.com\/pt\/wp-json\/wp\/v2\/posts\/213203\/revisions"}],"wp:featuredmedia":[{"embeddable":true,"href":"https:\/\/www.europesays.com\/pt\/wp-json\/wp\/v2\/media\/213204"}],"wp:attachment":[{"href":"https:\/\/www.europesays.com\/pt\/wp-json\/wp\/v2\/media?parent=213203"}],"wp:term":[{"taxonomy":"category","embeddable":true,"href":"https:\/\/www.europesays.com\/pt\/wp-json\/wp\/v2\/categories?post=213203"},{"taxonomy":"post_tag","embeddable":true,"href":"https:\/\/www.europesays.com\/pt\/wp-json\/wp\/v2\/tags?post=213203"}],"curies":[{"name":"wp","href":"https:\/\/api.w.org\/{rel}","templated":true}]}}