{"id":213238,"date":"2026-01-03T11:31:22","date_gmt":"2026-01-03T11:31:22","guid":{"rendered":"https:\/\/www.europesays.com\/pt\/213238\/"},"modified":"2026-01-03T11:31:22","modified_gmt":"2026-01-03T11:31:22","slug":"joao-guilherme-reage-ao-ver-o-novo-visual-de-ze-felipe-finalmente-2","status":"publish","type":"post","link":"https:\/\/www.europesays.com\/pt\/213238\/","title":{"rendered":"Jo\u00e3o Guilherme reage ao ver o novo visual de Z\u00e9 Felipe: &#8216;Finalmente&#8217;"},"content":{"rendered":"<p>O cantor<strong> Z\u00e9 Felipe<\/strong> iniciou 2026 com uma mudan\u00e7a radical no visual! Nesta sexta-feira, 02\/01, o famoso cortou o cabelo ap\u00f3s o fim da promessa que fez de ficar um ano sem aparar os fios.<\/p>\n<p>O filho do sertanejo <strong>Leonardo<\/strong>, ent\u00e3o, mostrou o resultado em seu Instagram. \u201c2026 \u00e9 aben\u00e7oado\u201d, escreveu ele, ao compartilhar o resultado.<\/p>\n<p>A transforma\u00e7\u00e3o deu o que falar e virou assunto nas redes sociais, surpreendendo at\u00e9 o ator <strong>Jo\u00e3o Guilherme.<\/strong> O irm\u00e3o de Z\u00e9 reagiu e comentou no post: \u201cCaralh* am\u00e9m finalmente arrancou aquela peruca\u201d, brincou ele.<\/p>\n<blockquote class=\"instagram-media\" style=\"background: #FFF; border: 0; border-radius: 3px; box-shadow: 0 0 1px 0 rgba(0,0,0,0.5),0 1px 10px 0 rgba(0,0,0,0.15); margin: 1px; max-width: 540px; min-width: 326px; padding: 0; width: calc(100% - 2px);\" data-instgrm-captioned=\"\" data-instgrm-permalink=\"https:\/\/www.instagram.com\/p\/DTA_UiKDZY7\/?utm_source=ig_embed&amp;utm_campaign=loading\" data-instgrm-version=\"14\"><\/blockquote>\n<p>\t Z\u00e9 Felipe fez revela\u00e7\u00e3o sobre rela\u00e7\u00e3o dos filhos com Ana Castela antes de t\u00e9rmino <\/p>\n<p>O cantor Z\u00e9 Felipe anunciou na \u00faltima segunda-feira, 29\/12, o fim do relacionamento com a cantora Ana Castela. O famoso ressaltou que, apesar de am\u00e1-la, eles decidiram seguir rumos diferentes.<\/p>\n<p>Dois dias antes do t\u00e9rmino, o filho do sertanejo Leonardo surpreendeu ao falar sobre a rela\u00e7\u00e3o dos filhos, Maria Alice, Maria Flor e Jos\u00e9 Leonardo, com a Boiadeira. Ele destacou o carinho que os pequenos tem pela, agora, ex-namorada.<\/p>\n<p>\u201cO jeito, o carinho e o amor que eles [os filhos] t\u00eam com a Ana, com a Michele [m\u00e3e de Ana Castela] e o Rodrigo [pai de Ana Castela] tamb\u00e9m. Ent\u00e3o eu acho que o que mais pesa em tudo isso \u00e9 ver como seu filho est\u00e1 sendo tratado: o amor, o carinho\u2026 O resto a gente vai levando de todo jeito. Mas eu acho que a maior felicidade de pais separados \u00e9 ver como a fam\u00edlia de quem est\u00e1 relacionando com a sua ex ou com o seu ex trata seus filhos\u201d, finalizou.<\/p>\n<p>Em seguida, Z\u00e9 Felipe citou a rela\u00e7\u00e3o do jogador Vini Jr, atual namorado de Virginia Fonseca, com as crian\u00e7as. \u201cEu acho que quando a gente separa o v\u00ednculo \u00e9 eterno quando voc\u00ea tem filhos. Querendo ou n\u00e3o, \u00e9 uma conviv\u00eancia que vai ter para sempre, e a boa rela\u00e7\u00e3o tem que ter. Ent\u00e3o eu sou muito feliz do jeito que a m\u00e3e do Vini trata meus filhos, o amor que as crian\u00e7as falam da m\u00e3e do Vini. Falam do irm\u00e3o, falam do Vini\u201d, disse.<\/p>\n<p>Leia tamb\u00e9m:<a href=\"https:\/\/contigo.com.br\/noticias\/famosos\/veja-a-reacao-de-rayssa-leal-ao-descobrir-que-vai-ganhar-mais-um-irmao.phtml\" rel=\"nofollow noopener\" target=\"_blank\"> Veja a rea\u00e7\u00e3o de Rayssa Leal ao descobrir que vai ganhar mais um irm\u00e3o<\/a><\/p>\n<ul class=\"terms-list post_tag list-inline\">\n<li class=\"joao-guilherme list-inline-item\">\n\t\t\t\t\t<a href=\"https:\/\/contigo.com.br\/tags\/joao-guilherme_3\" class=\"item-category\" rel=\"nofollow noopener\" target=\"_blank\">\u201cJo\u00e3o Guilherme\u201d<\/a>\n\t\t\t\t<\/li>\n<li class=\"ze-felipe list-inline-item\">\n\t\t\t\t\t<a href=\"https:\/\/contigo.com.br\/tags\/ze-felipe\" class=\"item-category\" rel=\"nofollow noopener\" target=\"_blank\">Z\u00e9 Felipe<\/a>\n\t\t\t\t<\/li>\n<\/ul>\n<p>\t                                            <script async src=\"\/\/www.instagram.com\/embed.js\"><\/script><\/p>\n","protected":false},"excerpt":{"rendered":"O cantor Z\u00e9 Felipe iniciou 2026 com uma mudan\u00e7a radical no visual! Nesta sexta-feira, 02\/01, o famoso cortou&hellip;\n","protected":false},"author":2,"featured_media":213239,"comment_status":"","ping_status":"","sticky":false,"template":"","format":"standard","meta":{"footnotes":""},"categories":[145],"tags":[211,210,114,115,4367,32,33,1445],"class_list":{"0":"post-213238","1":"post","2":"type-post","3":"status-publish","4":"format-standard","5":"has-post-thumbnail","7":"category-celebridades","8":"tag-celebridades","9":"tag-celebrities","10":"tag-entertainment","11":"tag-entretenimento","12":"tag-joao-guilherme","13":"tag-portugal","14":"tag-pt","15":"tag-ze-felipe"},"share_on_mastodon":{"url":"https:\/\/pubeurope.com\/@pt\/115830946699601995","error":""},"_links":{"self":[{"href":"https:\/\/www.europesays.com\/pt\/wp-json\/wp\/v2\/posts\/213238","targetHints":{"allow":["GET"]}}],"collection":[{"href":"https:\/\/www.europesays.com\/pt\/wp-json\/wp\/v2\/posts"}],"about":[{"href":"https:\/\/www.europesays.com\/pt\/wp-json\/wp\/v2\/types\/post"}],"author":[{"embeddable":true,"href":"https:\/\/www.europesays.com\/pt\/wp-json\/wp\/v2\/users\/2"}],"replies":[{"embeddable":true,"href":"https:\/\/www.europesays.com\/pt\/wp-json\/wp\/v2\/comments?post=213238"}],"version-history":[{"count":0,"href":"https:\/\/www.europesays.com\/pt\/wp-json\/wp\/v2\/posts\/213238\/revisions"}],"wp:featuredmedia":[{"embeddable":true,"href":"https:\/\/www.europesays.com\/pt\/wp-json\/wp\/v2\/media\/213239"}],"wp:attachment":[{"href":"https:\/\/www.europesays.com\/pt\/wp-json\/wp\/v2\/media?parent=213238"}],"wp:term":[{"taxonomy":"category","embeddable":true,"href":"https:\/\/www.europesays.com\/pt\/wp-json\/wp\/v2\/categories?post=213238"},{"taxonomy":"post_tag","embeddable":true,"href":"https:\/\/www.europesays.com\/pt\/wp-json\/wp\/v2\/tags?post=213238"}],"curies":[{"name":"wp","href":"https:\/\/api.w.org\/{rel}","templated":true}]}}