{"id":213257,"date":"2026-01-03T11:49:10","date_gmt":"2026-01-03T11:49:10","guid":{"rendered":"https:\/\/www.europesays.com\/pt\/213257\/"},"modified":"2026-01-03T11:49:10","modified_gmt":"2026-01-03T11:49:10","slug":"as-guerreiras-do-kpop-tributo-chega-em-maio-tambem-a-gondomar","status":"publish","type":"post","link":"https:\/\/www.europesays.com\/pt\/213257\/","title":{"rendered":"&#8220;As Guerreiras do KPop -Tributo&#8221; chega em maio tamb\u00e9m a Gondomar"},"content":{"rendered":"<p>De acordo com o Grupo Chiado, o espet\u00e1culo vai acontecer no Multiusos de Gondomar e ser\u00e1 &#8220;a \u00fanica data no distrito do Porto&#8221;, antecedendo as dez apresenta\u00e7\u00f5es j\u00e1 agendadas para junho e julho no Coliseu de Lisboa.<\/p>\n<p>Segundo o calend\u00e1rio de sess\u00f5es em Lisboa, est\u00e3o previstos espet\u00e1culos nos dias 06 e 07 de junho e nos dias 11 e 12 de julho, com mais do que uma apresenta\u00e7\u00e3o di\u00e1ria.<\/p>\n<p>&#8220;Inspirado no fen\u00f3meno da Netflix &#8216;K-Pop Demon Hunters&#8217; [&#8216;Guerreiras do KPop&#8217;, no t\u00edtulo em portugu\u00eas], o tributo internacional revive os sucessos que conquistaram o mundo, como &#8216;Golden&#8217; e &#8216;How It&#8217;s Done&#8217;, com milhares de milh\u00f5es de reprodu\u00e7\u00f5es no Spotify&#8221;, refere a promotora.<\/p>\n<p>Estreado em julho na plataforma Netflix, o filme de anima\u00e7\u00e3o &#8220;Guerreiras do KPop&#8221; \u00e9 uma produ\u00e7\u00e3o da Sony Pictures Animation, realizada por Maggie Kang e Chris Appelhans, e apresenta-se como um musical de anima\u00e7\u00e3o de a\u00e7\u00e3o, sobre um trio pop feminino, Huntr\/x, que luta contra dem\u00f3nios.<\/p>\n<p>&#8220;Guerreiras do KPop&#8221; convoca v\u00e1rios elementos da cultura popular sul-coreana, seja da mitologia, do cinema de anima\u00e7\u00e3o, da banda desenhada ou da m\u00fasica pop, designada K-Pop, e cuja popularidade teve um enorme crescimento nas \u00faltimas d\u00e9cadas noutros pa\u00edses.<\/p>\n<p>Maggie Kang, realizadora sul-coreana radicada nos Estados Unidos, que come\u00e7ou a trabalhar em anima\u00e7\u00e3o nos est\u00fadios DreamWorks, contou em entrevista ao jornal The New York Times que queria fazer um filme que celebrasse a cultura sul-coreana, acabando por mergulhar no imagin\u00e1rio dos ca\u00e7adores de dem\u00f3nios.<\/p>\n<p>&#8220;Tamb\u00e9m queria ver super-hero\u00ednas com as quais fosse mais f\u00e1cil identificar-se, que gostassem de comer e fazer caretas. N\u00e3o est\u00e1vamos a tentar torn\u00e1-las apenas bonitas, sensuais e &#8216;fixes'&#8221;, disse a realizadora.<\/p>\n<p>Leia Tamb\u00e9m: <a href=\"https:\/\/www.noticiasaominuto.com\/cultura\/2908975\/tributo-as-guerreiras-do-kpop-chega-em-junho-em-lisboa\" target=\"_blank\" rel=\"noopener noreferrer nofollow\">Tributo \u00e0s &#8220;Guerreiras do KPop&#8221; chega em junho em Lisboa<\/a><\/p>\n","protected":false},"excerpt":{"rendered":"De acordo com o Grupo Chiado, o espet\u00e1culo vai acontecer no Multiusos de Gondomar e ser\u00e1 &#8220;a \u00fanica&hellip;\n","protected":false},"author":2,"featured_media":213258,"comment_status":"","ping_status":"","sticky":false,"template":"","format":"standard","meta":{"footnotes":""},"categories":[141],"tags":[114,115,149,150,32,33],"class_list":{"0":"post-213257","1":"post","2":"type-post","3":"status-publish","4":"format-standard","5":"has-post-thumbnail","7":"category-musica","8":"tag-entertainment","9":"tag-entretenimento","10":"tag-music","11":"tag-musica","12":"tag-portugal","13":"tag-pt"},"share_on_mastodon":{"url":"https:\/\/pubeurope.com\/@pt\/115831017456129668","error":""},"_links":{"self":[{"href":"https:\/\/www.europesays.com\/pt\/wp-json\/wp\/v2\/posts\/213257","targetHints":{"allow":["GET"]}}],"collection":[{"href":"https:\/\/www.europesays.com\/pt\/wp-json\/wp\/v2\/posts"}],"about":[{"href":"https:\/\/www.europesays.com\/pt\/wp-json\/wp\/v2\/types\/post"}],"author":[{"embeddable":true,"href":"https:\/\/www.europesays.com\/pt\/wp-json\/wp\/v2\/users\/2"}],"replies":[{"embeddable":true,"href":"https:\/\/www.europesays.com\/pt\/wp-json\/wp\/v2\/comments?post=213257"}],"version-history":[{"count":0,"href":"https:\/\/www.europesays.com\/pt\/wp-json\/wp\/v2\/posts\/213257\/revisions"}],"wp:featuredmedia":[{"embeddable":true,"href":"https:\/\/www.europesays.com\/pt\/wp-json\/wp\/v2\/media\/213258"}],"wp:attachment":[{"href":"https:\/\/www.europesays.com\/pt\/wp-json\/wp\/v2\/media?parent=213257"}],"wp:term":[{"taxonomy":"category","embeddable":true,"href":"https:\/\/www.europesays.com\/pt\/wp-json\/wp\/v2\/categories?post=213257"},{"taxonomy":"post_tag","embeddable":true,"href":"https:\/\/www.europesays.com\/pt\/wp-json\/wp\/v2\/tags?post=213257"}],"curies":[{"name":"wp","href":"https:\/\/api.w.org\/{rel}","templated":true}]}}