{"id":213259,"date":"2026-01-03T11:51:08","date_gmt":"2026-01-03T11:51:08","guid":{"rendered":"https:\/\/www.europesays.com\/pt\/213259\/"},"modified":"2026-01-03T11:51:08","modified_gmt":"2026-01-03T11:51:08","slug":"no-fc-porto-diziamos-que-o-james-rodriguez-era-jogador-de-playstation","status":"publish","type":"post","link":"https:\/\/www.europesays.com\/pt\/213259\/","title":{"rendered":"\u00abNo FC Porto diz\u00edamos que o James Rodr\u00edguez era jogador de Playstation\u00bb"},"content":{"rendered":"<p>Hoje com 37 anos, Maicon foi tricampe\u00e3o no <a class=\"autolink-enabled\" data-resource-id=\"451\" data-resource-type=\"team\" data-sport=\"football\" href=\"https:\/\/www.abola.pt\/futebol\/fc-porto-451\" rel=\"nofollow noopener\" target=\"_blank\">FC Porto<\/a> entre 2011 e 2013 e recorda em particular o impacto que <a class=\"autolink-enabled\" data-resource-id=\"3426\" data-resource-type=\"player\" data-sport=\"football\" href=\"https:\/\/www.abola.pt\/futebol\/jogador\/james-rodriguez-3426\" rel=\"nofollow noopener\" target=\"_blank\">James Rodr\u00edguez<\/a> teve nessa era, primeiro com Andr\u00e9 Villas-Boas a treinador (\u00e9poca 2010\/11) e depois com V\u00edtor Pereira (na \u00e9poca seguinte).<\/p>\n<p>\u00abO James \u00e9 engra\u00e7ado, costum\u00e1vamos chamar-lhe o jogador da Playstation. O seu toque na bola era como a Playstation. Ele ficou seis meses sem jogar no FC Porto, s\u00f3 treinava, a equipa t\u00e9cnica trabalhava para o preparar, ele s\u00f3 treinava, s\u00f3 treinava. Depois de ter come\u00e7ado a jogar, meu amigo, para o segurar&#8230;\u00bb, come\u00e7ou por enfatizar, no Charla Podcast.<\/p>\n<p>O defesa-central, que em 2025 venceu a S\u00e9rie B com Josu\u00e9 (antigo colega de equipa no FC Porto) no <a target=\"_blank\" class=\"editor-link autolink-enabled\" href=\"https:\/\/www.abola.pt\/futebol\/coritiba-187\" data-resource-id=\"187\" data-resource-type=\"team\" data-sport=\"football\" rel=\"nofollow noopener\">Coritiba<\/a>, explicou que James Rodr\u00edguez nem precisava de correr para fazer a diferen\u00e7a: \u00abN\u00f3s diz\u00edamos: &#8216;N\u00e3o precisas de recuar, n\u00e3o precisas de correr, n\u00e3o precisas de te cansar&#8217;. D\u00e1vamos-lhe a bola e ele resolvia o problema.\u00bb<\/p>\n<blockquote>\n<p>Entr\u00e1vamos em campo e pergunt\u00e1vamos por quantos \u00edamos ganhar<\/p>\n<\/blockquote>\n<p>O FC Porto foi campe\u00e3o invicto em 2010\/11 e s\u00f3 perdeu uma vez no campeonato no t\u00edtulo que conquistou na \u00e9poca seguinte. Em 2012\/13 voltou a ser campe\u00e3o invicto. E Maicon ainda recorda vivamente a constitui\u00e7\u00e3o dessa equipa praticamente imbat\u00edvel.<\/p>\n<p>            <img decoding=\"async\" src=\"https:\/\/www.europesays.com\/pt\/wp-content\/uploads\/2026\/01\/3d4e9387-3f60-46d2-bf2b-0d09258993e8.jpg\" alt=\"\" width=\"620\" class=\"w-full object-cover\"\/><\/p>\n<p>                    Maicon celebra golo marcado no Est\u00e1dio a Luz em 2012 (Foto: RUI RAIMUNDO\/ASF)<\/p>\n<p>\u00abA nossa equipa era o Helton, Fucile a lateral-direito, eu, Rolando e <a class=\"autolink-enabled\" data-resource-id=\"1978\" data-resource-type=\"player\" data-sport=\"football\" href=\"https:\/\/www.abola.pt\/futebol\/jogador\/nicolas-otamendi-1978\" rel=\"nofollow noopener\" target=\"_blank\">Otamendi<\/a>, \u00c1lvaro Pereira. Belluschi, Guar\u00edn, James, <a class=\"autolink-enabled\" data-resource-id=\"1805\" data-resource-type=\"player\" data-sport=\"football\" href=\"https:\/\/www.abola.pt\/futebol\/jogador\/radamel-falcao-1805\" rel=\"nofollow noopener\" target=\"_blank\">Falcao<\/a>, <a class=\"autolink-enabled\" data-resource-id=\"6258\" data-resource-type=\"player\" data-sport=\"football\" href=\"https:\/\/www.abola.pt\/futebol\/jogador\/hulk-6258\" rel=\"nofollow noopener\" target=\"_blank\">Hulk<\/a> e Varela. Como \u00e9 que iam parar? Entr\u00e1vamos em campo e pergunt\u00e1vamos por quantos \u00edamos ganhar. Fui campe\u00e3o invicto em Portugal e no ano a seguir, com o V\u00edtor Pereira, s\u00f3 perdemos um jogo no campeonato.\u00bb<\/p>\n","protected":false},"excerpt":{"rendered":"Hoje com 37 anos, Maicon foi tricampe\u00e3o no FC Porto entre 2011 e 2013 e recorda em particular&hellip;\n","protected":false},"author":2,"featured_media":213260,"comment_status":"","ping_status":"","sticky":false,"template":"","format":"standard","meta":{"footnotes":""},"categories":[87],"tags":[135,32,33,134],"class_list":{"0":"post-213259","1":"post","2":"type-post","3":"status-publish","4":"format-standard","5":"has-post-thumbnail","7":"category-desporto","8":"tag-desporto","9":"tag-portugal","10":"tag-pt","11":"tag-sports"},"share_on_mastodon":{"url":"https:\/\/pubeurope.com\/@pt\/115831025475984514","error":""},"_links":{"self":[{"href":"https:\/\/www.europesays.com\/pt\/wp-json\/wp\/v2\/posts\/213259","targetHints":{"allow":["GET"]}}],"collection":[{"href":"https:\/\/www.europesays.com\/pt\/wp-json\/wp\/v2\/posts"}],"about":[{"href":"https:\/\/www.europesays.com\/pt\/wp-json\/wp\/v2\/types\/post"}],"author":[{"embeddable":true,"href":"https:\/\/www.europesays.com\/pt\/wp-json\/wp\/v2\/users\/2"}],"replies":[{"embeddable":true,"href":"https:\/\/www.europesays.com\/pt\/wp-json\/wp\/v2\/comments?post=213259"}],"version-history":[{"count":0,"href":"https:\/\/www.europesays.com\/pt\/wp-json\/wp\/v2\/posts\/213259\/revisions"}],"wp:featuredmedia":[{"embeddable":true,"href":"https:\/\/www.europesays.com\/pt\/wp-json\/wp\/v2\/media\/213260"}],"wp:attachment":[{"href":"https:\/\/www.europesays.com\/pt\/wp-json\/wp\/v2\/media?parent=213259"}],"wp:term":[{"taxonomy":"category","embeddable":true,"href":"https:\/\/www.europesays.com\/pt\/wp-json\/wp\/v2\/categories?post=213259"},{"taxonomy":"post_tag","embeddable":true,"href":"https:\/\/www.europesays.com\/pt\/wp-json\/wp\/v2\/tags?post=213259"}],"curies":[{"name":"wp","href":"https:\/\/api.w.org\/{rel}","templated":true}]}}