{"id":213268,"date":"2026-01-03T11:59:09","date_gmt":"2026-01-03T11:59:09","guid":{"rendered":"https:\/\/www.europesays.com\/pt\/213268\/"},"modified":"2026-01-03T11:59:09","modified_gmt":"2026-01-03T11:59:09","slug":"andrea-soares-entra-na-1-a-companhia-e-liliana-almeida-tem-algo-a-dizer","status":"publish","type":"post","link":"https:\/\/www.europesays.com\/pt\/213268\/","title":{"rendered":"Andrea Soares entra na &#8220;1.\u00aa Companhia&#8221;&#8230; e Liliana Almeida tem algo a dizer!"},"content":{"rendered":"<p>Estreou-se na passada quinta-feira, dia 1, a nova edi\u00e7\u00e3o da &#8220;<a href=\"https:\/\/tvi.iol.pt\/primeiracompanhia\/\" target=\"_blank\" rel=\"nofollow noopener\">1.\u00aa Companhia<\/a>&#8220;, que, entre os recrutas, conta com a participa\u00e7\u00e3o de <a href=\"https:\/\/selfie.iol.pt\/famosos\/andrea-soares\/andrea-soares-das-non-stop-faz-mudanca-radical-de-visual-quem-muda-deus-ajuda\/20230929\/6516ebdbd34e65afa2f5dcd2\" target=\"_blank\" rel=\"nofollow noopener\">Andrea Soares<\/a>, membro das Nonstop.<\/p>\n<p><a href=\"https:\/\/selfie.iol.pt\/famosos\/big-brother\/liliana-almeida-esta-doente-ira-precisar-de-uma-intervencao-cirurgica-peco-ajuda-com-as-vossas-oracoes\/20251217\/694265c2d34e3caad84c784a\" target=\"_blank\" rel=\"nofollow noopener\">Liliana Almeida<\/a>, amiga de Andrea Soares, j\u00e1 reagiu, no Instagram, a esta novidade. &#8220;Uma amiga com um cora\u00e7\u00e3o gigante que entrou agora num reality. Foi nomeada logo na primeira gala. Talvez por isso me toque tanto: eu tamb\u00e9m fui nomeada na primeira gala [do &#8220;<a href=\"https:\/\/tvi.iol.pt\/bigbrother\/\" target=\"_blank\" rel=\"nofollow noopener\">Big Brother<\/a> Famosos&#8221;, reality show em que participou em 2022], sei bem o que se sente naquele lugar&#8221;, assinalou a cantora.<\/p>\n<p>&#8220;Obrigada a quem sentir apoiar&#8221;, agradeceu, no final.<\/p>\n<p>Veja, agora, algumas das melhores imagens de Andrea Soares e Liliana Almeida nas galerias de fotografias que prepar\u00e1mos para si.<\/p>\n<p><img decoding=\"async\" alt=\"\" onclick=\"\" src=\"https:\/\/www.europesays.com\/pt\/wp-content\/uploads\/2026\/01\/1024.png\" title=\"Liliana Almeida\"\/><\/p>\n","protected":false},"excerpt":{"rendered":"Estreou-se na passada quinta-feira, dia 1, a nova edi\u00e7\u00e3o da &#8220;1.\u00aa Companhia&#8220;, que, entre os recrutas, conta com&hellip;\n","protected":false},"author":2,"featured_media":213269,"comment_status":"","ping_status":"","sticky":false,"template":"","format":"standard","meta":{"footnotes":""},"categories":[145],"tags":[31659,41411,211,210,114,115,980,1015,4398,619,32,33,1014,1012,162],"class_list":{"0":"post-213268","1":"post","2":"type-post","3":"status-publish","4":"format-standard","5":"has-post-thumbnail","7":"category-celebridades","8":"tag-1-a-companhia","9":"tag-andrea-soares","10":"tag-celebridades","11":"tag-celebrities","12":"tag-entertainment","13":"tag-entretenimento","14":"tag-famosos","15":"tag-instagram","16":"tag-liliana-almeida","17":"tag-nacional","18":"tag-portugal","19":"tag-pt","20":"tag-reality-show","21":"tag-selfie","22":"tag-tvi"},"share_on_mastodon":{"url":"https:\/\/pubeurope.com\/@pt\/115831056806608474","error":""},"_links":{"self":[{"href":"https:\/\/www.europesays.com\/pt\/wp-json\/wp\/v2\/posts\/213268","targetHints":{"allow":["GET"]}}],"collection":[{"href":"https:\/\/www.europesays.com\/pt\/wp-json\/wp\/v2\/posts"}],"about":[{"href":"https:\/\/www.europesays.com\/pt\/wp-json\/wp\/v2\/types\/post"}],"author":[{"embeddable":true,"href":"https:\/\/www.europesays.com\/pt\/wp-json\/wp\/v2\/users\/2"}],"replies":[{"embeddable":true,"href":"https:\/\/www.europesays.com\/pt\/wp-json\/wp\/v2\/comments?post=213268"}],"version-history":[{"count":0,"href":"https:\/\/www.europesays.com\/pt\/wp-json\/wp\/v2\/posts\/213268\/revisions"}],"wp:featuredmedia":[{"embeddable":true,"href":"https:\/\/www.europesays.com\/pt\/wp-json\/wp\/v2\/media\/213269"}],"wp:attachment":[{"href":"https:\/\/www.europesays.com\/pt\/wp-json\/wp\/v2\/media?parent=213268"}],"wp:term":[{"taxonomy":"category","embeddable":true,"href":"https:\/\/www.europesays.com\/pt\/wp-json\/wp\/v2\/categories?post=213268"},{"taxonomy":"post_tag","embeddable":true,"href":"https:\/\/www.europesays.com\/pt\/wp-json\/wp\/v2\/tags?post=213268"}],"curies":[{"name":"wp","href":"https:\/\/api.w.org\/{rel}","templated":true}]}}