{"id":213277,"date":"2026-01-03T12:10:18","date_gmt":"2026-01-03T12:10:18","guid":{"rendered":"https:\/\/www.europesays.com\/pt\/213277\/"},"modified":"2026-01-03T12:10:18","modified_gmt":"2026-01-03T12:10:18","slug":"lobos-encontrados-numa-ilha-so-acessivel-por-barco-misterio-aponta-para-amizade-com-humanos","status":"publish","type":"post","link":"https:\/\/www.europesays.com\/pt\/213277\/","title":{"rendered":"Lobos encontrados numa ilha s\u00f3 acess\u00edvel por barco. Mist\u00e9rio aponta para &#8220;amizade&#8221; com humanos"},"content":{"rendered":"<p class=\"wp-caption-text top\"><a href=\"https:\/\/unsplash.com\/photos\/dtfyRuKG7UY\" rel=\"nofollow external noopener noreferrer\" data-wpel-link=\"external\" target=\"_blank\" class=\"ext-link\">Thomas Bonometti \/ unsplash<\/a><\/p>\n<p><img decoding=\"async\" loading=\"lazy\" class=\"wp-image-251774 size-kopa-image-size-3\" src=\"https:\/\/www.europesays.com\/pt\/wp-content\/uploads\/2026\/01\/2ba7b535c6391901ae258b6d7dcb60bf-e1555325228451-783x450.jpg\" alt=\"\" width=\"700\" height=\"402\"  \/><\/p>\n<p><strong>\u201cFoi uma enorme surpresa ver que era um lobo e n\u00e3o um c\u00e3o\u201d. Descoberta aponta para conviv\u00eancia nunca antes vista de lobos com humanos.<br \/><\/strong><\/p>\n<p>Numa ilha remota acess\u00edvel apenas por barco e sem mam\u00edferos terrestres nativos, investigadores encontraram ossos de lobos antigos e levantaram de imediato a quest\u00e3o: como \u00e9 que estes lobos l\u00e1 tinham chegado?<\/p>\n<p>O mist\u00e9rio ainda n\u00e3o tem resposta, mas est\u00e1 certamente a fazer os cientistas repensar a rela\u00e7\u00e3o entre humanos e lobos na <strong>Idade do Bronze<\/strong> e reavaliar o que se julga saber sobre os prim\u00f3rdios da domestica\u00e7\u00e3o canina.<\/p>\n<p>Os restos encontrados numa gruta datam de h\u00e1 cerca de<strong> 3.000 a 5.000 anos<\/strong>. Para a equipa cient\u00edfica, o contexto \u00e9 decisivo: a presen\u00e7a de lobos num local que n\u00e3o poderia ter sido alcan\u00e7ado por via terrestre indica que estes animais<strong> ter\u00e3o sido transportados por pessoas<\/strong>, num epis\u00f3dio deliberado e n\u00e3o acidental.<\/p>\n<p>Al\u00e9m disso, v\u00e1rios ind\u00edcios apontam para uma <strong>conviv\u00eancia relativamente pac\u00edfica com a popula\u00e7\u00e3o humana local<\/strong>, em vez de um cen\u00e1rio de persegui\u00e7\u00e3o ou conflito.<\/p>\n<p>\u201cEncontrar estes lobos numa ilha remota \u00e9 completamente inesperado\u201d, admite<strong> Linus Girdland-Flink<\/strong>, da Universidade de Aberdeen, um dos autores do estudo, \u00e0 <a href=\"https:\/\/www.iflscience.com\/how-did-ancient-wolves-get-onto-this-remote-island-5000-years-ago-82065\" data-wpel-link=\"external\" target=\"_blank\" rel=\"nofollow external noopener noreferrer\" class=\"ext-link\">IFL Science<\/a>. Segundo o investigador, os animais tinham uma ancestralidade indistingu\u00edvel de outros lobos euro-asi\u00e1ticos, mas parecem ter vivido lado a lado com humanos, alimentando-se da comida dispon\u00edvel nas comunidades.<\/p>\n<p>O trabalho recorreu tamb\u00e9m a an\u00e1lises gen\u00e9ticas, que refor\u00e7am a ideia de uma popula\u00e7\u00e3o isolada e est\u00e1vel ao longo de v\u00e1rias gera\u00e7\u00f5es. Os ossos sugerem que os lobos tinham corpos mais pequenos do que os t\u00edpicos (algo frequentemente associado ao isolamento em ilhas) e os dados gen\u00f3micos revelam uma diversidade gen\u00e9tica invulgarmente baixa. <strong>Anders Bergstr\u00f6m<\/strong>, da Universidade de East Anglia e coautor do artigo, sublinha que este padr\u00e3o \u00e9 compat\u00edvel com popula\u00e7\u00f5es sujeitas a \u201cestrangulamentos\u201d demogr\u00e1ficos ou com organismos domesticados.<\/p>\n<p>Embora n\u00e3o seja poss\u00edvel excluir explica\u00e7\u00f5es naturais, a equipa defende que o resultado aponta para intera\u00e7\u00f5es e formas de gest\u00e3o humana que n\u00e3o tinham sido consideradas at\u00e9 agora.<\/p>\n<p>Os investigadores n\u00e3o conseguem determinar no entanto se os lobos eram animais de estima\u00e7\u00e3o, semi-selvagens ou outra categoria qualquer pelo meio, de acordo com o estudo publicamas os <strong>humanos ter\u00e3o partilhado recursos alimentares como peixe e focas com eles, e h\u00e1 sinais de que alguns animais poder\u00e3o ter recebido cuidados quando estavam feridos.<\/strong><\/p>\n<p>\u201cFoi uma enorme surpresa ver que era um lobo e n\u00e3o um c\u00e3o\u201d, disse <strong>Pontus Skoglund<\/strong>, do Francis Crick Institute, autor s\u00e9nior do estudo.<\/p>\n<p>    <a href=\"https:\/\/zap.aeiou.pt\/subscrever-newsletter\" data-wpel-link=\"internal\" rel=\"nofollow noopener\" target=\"_blank\">&#13;<br \/>\n        <img loading=\"lazy\" decoding=\"async\" class=\"aligncenter size-full wp-image-575475\" src=\"https:\/\/www.europesays.com\/pt\/wp-content\/uploads\/2025\/12\/1765389371_545_2d51fe4a0ba54894421ead1809309ed9-1-450x140.jpg\" alt=\"Subscreva a Newsletter ZAP\" width=\"450\" height=\"140\"\/>&#13;<br \/>\n    <\/a><\/p>\n<p>                <a href=\"https:\/\/whatsapp.com\/channel\/0029VaIC4EE2f3EJZPPSbR34\" data-wpel-link=\"external\" target=\"_blank\" rel=\"nofollow external noopener noreferrer\" class=\"ext-link\">&#13;<br \/>\n                    <img loading=\"lazy\" decoding=\"async\" class=\"aligncenter size-full wp-image-575475\" src=\"https:\/\/www.europesays.com\/pt\/wp-content\/uploads\/2025\/12\/1765389371_770_c68c559d956d4ca20f435ed74a6e71e6.png\" alt=\"Siga-nos no WhatsApp\" width=\"175\" height=\"64\"\/>&#13;<br \/>\n                <\/a><\/p>\n<p>                <a href=\"https:\/\/news.google.com\/publications\/CAAiEHRwZondIV71PDjWNoqMduEqFAgKIhB0cGaJ3SFe9Tw41jaKjHbh?hl=en-US&amp;gl=US&amp;ceid=US%3Aen\" data-wpel-link=\"external\" target=\"_blank\" rel=\"nofollow external noopener noreferrer\" class=\"ext-link\">&#13;<br \/>\n                    <img loading=\"lazy\" decoding=\"async\" class=\"aligncenter size-full wp-image-575475\" src=\"https:\/\/www.europesays.com\/pt\/wp-content\/uploads\/2025\/12\/1765389372_556_5123dd8b087b644fdb8f8603acd1bad4.png\" alt=\"Siga-nos no Google News\" width=\"176\" height=\"64\"\/>&#13;<br \/>\n                <\/a><\/p>\n","protected":false},"excerpt":{"rendered":"Thomas Bonometti \/ unsplash \u201cFoi uma enorme surpresa ver que era um lobo e n\u00e3o um c\u00e3o\u201d. Descoberta&hellip;\n","protected":false},"author":2,"featured_media":213278,"comment_status":"","ping_status":"","sticky":false,"template":"","format":"standard","meta":{"footnotes":""},"categories":[50],"tags":[1353,4614,27,28,15,16,14,25,26,21,22,62,12,13,19,20,23,24,5928,17,18,29,30,31,63,64,65],"class_list":{"0":"post-213277","1":"post","2":"type-post","3":"status-publish","4":"format-standard","5":"has-post-thumbnail","7":"category-mundo","8":"tag-animais","9":"tag-biologia","10":"tag-breaking-news","11":"tag-breakingnews","12":"tag-featured-news","13":"tag-featurednews","14":"tag-headlines","15":"tag-latest-news","16":"tag-latestnews","17":"tag-main-news","18":"tag-mainnews","19":"tag-mundo","20":"tag-news","21":"tag-noticias","22":"tag-noticias-principais","23":"tag-noticiasprincipais","24":"tag-principais-noticias","25":"tag-principaisnoticias","26":"tag-suecia","27":"tag-top-stories","28":"tag-topstories","29":"tag-ultimas","30":"tag-ultimas-noticias","31":"tag-ultimasnoticias","32":"tag-world","33":"tag-world-news","34":"tag-worldnews"},"share_on_mastodon":{"url":"https:\/\/pubeurope.com\/@pt\/115831100185172020","error":""},"_links":{"self":[{"href":"https:\/\/www.europesays.com\/pt\/wp-json\/wp\/v2\/posts\/213277","targetHints":{"allow":["GET"]}}],"collection":[{"href":"https:\/\/www.europesays.com\/pt\/wp-json\/wp\/v2\/posts"}],"about":[{"href":"https:\/\/www.europesays.com\/pt\/wp-json\/wp\/v2\/types\/post"}],"author":[{"embeddable":true,"href":"https:\/\/www.europesays.com\/pt\/wp-json\/wp\/v2\/users\/2"}],"replies":[{"embeddable":true,"href":"https:\/\/www.europesays.com\/pt\/wp-json\/wp\/v2\/comments?post=213277"}],"version-history":[{"count":0,"href":"https:\/\/www.europesays.com\/pt\/wp-json\/wp\/v2\/posts\/213277\/revisions"}],"wp:featuredmedia":[{"embeddable":true,"href":"https:\/\/www.europesays.com\/pt\/wp-json\/wp\/v2\/media\/213278"}],"wp:attachment":[{"href":"https:\/\/www.europesays.com\/pt\/wp-json\/wp\/v2\/media?parent=213277"}],"wp:term":[{"taxonomy":"category","embeddable":true,"href":"https:\/\/www.europesays.com\/pt\/wp-json\/wp\/v2\/categories?post=213277"},{"taxonomy":"post_tag","embeddable":true,"href":"https:\/\/www.europesays.com\/pt\/wp-json\/wp\/v2\/tags?post=213277"}],"curies":[{"name":"wp","href":"https:\/\/api.w.org\/{rel}","templated":true}]}}