{"id":213281,"date":"2026-01-03T12:13:10","date_gmt":"2026-01-03T12:13:10","guid":{"rendered":"https:\/\/www.europesays.com\/pt\/213281\/"},"modified":"2026-01-03T12:13:10","modified_gmt":"2026-01-03T12:13:10","slug":"wagner-moura-estampa-capa-de-revista-com-favoritos-ao-oscar","status":"publish","type":"post","link":"https:\/\/www.europesays.com\/pt\/213281\/","title":{"rendered":"Wagner Moura estampa capa de revista com favoritos ao Oscar"},"content":{"rendered":"<p dir=\"ltr\">Wagner Moura foi destaque na capa da revista especializada em cinema The Hollywood Reporter, posando ao lado de atores do cinema mundial apontados como grandes apostas para receberem o primeiro Oscar da carreira em 2026.<\/p>\n<p dir=\"ltr\">O brasileiro, de 49 anos, aparece ao lado de Dwayne Johnson, Adam Sandler, Michael B Jordan, Mark Hamill, Jacob Elordi e Jeremy Allen White. A revista aponta que o grupo de atores despontam uma nova leva de reconhecimento para artistas que, apesar de j\u00e1 acumularem trajet\u00f3rias consolidadas, ainda n\u00e3o conquistaram a estatueta do Oscar.\u00a0<\/p>\n<p dir=\"ltr\">Wagner tem se tornado o novo queridinho do cinema mundial ao ser indicado como Melhor Ator por O Agente Secreto, dirigido por Kl\u00e9ber Mendon\u00e7a Filho, pelo Critics Choice Awards 2026. Ele tamb\u00e9m foi indicado como Melhor Ator Coadjuvante por Ladr\u00f5es de Drogas.<\/p>\n<p dir=\"ltr\">Em uma mesa-redonda organizada pela revista, Wagner Moura afirma que a cultura brasileira faz parte do que ele leva para os filmes em que atua. \u201cEu sou um ator brasileiro e represento muitas pessoas que vivem aqui e falam com sotaque\u201d, declara.\u00a0<\/p>\n<p class=\"texto\">\u00a0<\/p>\n<ul>\n<li><a href=\"https:\/\/wa.me\/?text=Wagner+Moura+estampa+capa+de+revista+com+favoritos+ao+Oscar+%20https:\/\/www.correiobraziliense.com.br\/diversao-e-arte\/2026\/01\/7325096-wagner-moura-estampa-capa-de-revista-com-favoritos-ao-oscar.html\" target=\"_blank\" title=\"Whatsapp\" aria-label=\"WhatsApp\" rel=\"nofollow noopener\"><\/a><\/li>\n<li><a href=\"https:\/\/www.facebook.com\/sharer.php?u=https:\/\/www.correiobraziliense.com.br%2Fdiversao-e-arte%2F2026%2F01%2F7325096-wagner-moura-estampa-capa-de-revista-com-favoritos-ao-oscar.html&amp;text=Wagner+Moura+estampa+capa+de+revista+com+favoritos+ao+Oscar+\" target=\"_blank\" title=\"Facebook\" aria-label=\"Facebook\" rel=\"nofollow noopener\"><\/a><\/li>\n<li><a href=\"https:\/\/twitter.com\/intent\/tweet?url=https:\/\/www.correiobraziliense.com.br%2Fdiversao-e-arte%2F2026%2F01%2F7325096-wagner-moura-estampa-capa-de-revista-com-favoritos-ao-oscar.html&amp;text=Wagner+Moura+estampa+capa+de+revista+com+favoritos+ao+Oscar+\" target=\"_blank\" title=\"Twitter\" aria-label=\"Twitter\" rel=\"nofollow noopener\"><\/a><\/li>\n<li><a href=\"https:\/\/profile.google.com\/cp\/CgovbS8wNzZ0dms1\" title=\"Google Discover\" target=\"_blank\" aria-label=\"Google Discover\" rel=\"nofollow noopener\"><img decoding=\"async\" src=\"https:\/\/www.europesays.com\/pt\/wp-content\/uploads\/2025\/12\/google-discover-icon.png\" style=\"height: 25px; margin: 0 !important; margin-left: 3px;\" alt=\"Google Discover Icon\"\/><\/a><\/li>\n<\/ul>\n<p>              <a href=\"https:\/\/www.correiobraziliense.com.br\/autor\/junio-silva\/page\/1\/\" style=\"height: 100%;\" rel=\"nofollow noopener\" target=\"_blank\"><img decoding=\"async\" class=\"hidden-print author-circle d-block h6 mt-0 mb-0 mr-6 text-center\" src=\"https:\/\/www.europesays.com\/pt\/wp-content\/uploads\/2025\/09\/whatsapp-image-2025-08-21-at-23-14-54-58807765.jpeg\" alt=\"\" width=\"40\" height=\"40\" loading=\"lazy\" style=\"object-fit:cover; width: 40px; height: 40px; margin-right:10px;\"\/><\/a><a href=\"https:\/\/www.correiobraziliense.com.br\/autor\/junio-silva\/page\/1\/\" rel=\"nofollow noopener\" target=\"_blank\"><img decoding=\"async\" class=\"hidden-print author-circle d-block h6 mt-0 mb-0 mr-6 text-center\" src=\"https:\/\/www.europesays.com\/pt\/wp-content\/uploads\/2025\/09\/whatsapp-image-2025-08-21-at-23-14-54-58807765.jpeg\" alt=\"\" width=\"40\" height=\"40\" loading=\"lazy\" style=\"object-fit:cover; width: 40px; height: 40px; margin-right:10px;\"\/><\/a>Junio Silva  <strong class=\"entryStrongAuthor\">Rep\u00f3rter<\/strong><\/p>\n<p class=\"entryDescricaoAuthor\">Jornalista graduado pelo IESB. Tem experi\u00eancia como rep\u00f3rter, consultor de comunica\u00e7\u00e3o e conteudista. Entusiasta da cultura, artes e pol\u00edtica.<\/p>\n<p>                          <script async src=\"https:\/\/platform.twitter.com\/widgets.js\" charset=\"utf-8\"><\/script><\/p>\n","protected":false},"excerpt":{"rendered":"Wagner Moura foi destaque na capa da revista especializada em cinema The Hollywood Reporter, posando ao lado de&hellip;\n","protected":false},"author":2,"featured_media":213282,"comment_status":"","ping_status":"","sticky":false,"template":"","format":"standard","meta":{"footnotes":""},"categories":[145],"tags":[211,210,470,114,115,32,33,12348],"class_list":{"0":"post-213281","1":"post","2":"type-post","3":"status-publish","4":"format-standard","5":"has-post-thumbnail","7":"category-celebridades","8":"tag-celebridades","9":"tag-celebrities","10":"tag-cinema","11":"tag-entertainment","12":"tag-entretenimento","13":"tag-portugal","14":"tag-pt","15":"tag-wagner-moura"},"share_on_mastodon":{"url":"https:\/\/pubeurope.com\/@pt\/115831111891562240","error":""},"_links":{"self":[{"href":"https:\/\/www.europesays.com\/pt\/wp-json\/wp\/v2\/posts\/213281","targetHints":{"allow":["GET"]}}],"collection":[{"href":"https:\/\/www.europesays.com\/pt\/wp-json\/wp\/v2\/posts"}],"about":[{"href":"https:\/\/www.europesays.com\/pt\/wp-json\/wp\/v2\/types\/post"}],"author":[{"embeddable":true,"href":"https:\/\/www.europesays.com\/pt\/wp-json\/wp\/v2\/users\/2"}],"replies":[{"embeddable":true,"href":"https:\/\/www.europesays.com\/pt\/wp-json\/wp\/v2\/comments?post=213281"}],"version-history":[{"count":0,"href":"https:\/\/www.europesays.com\/pt\/wp-json\/wp\/v2\/posts\/213281\/revisions"}],"wp:featuredmedia":[{"embeddable":true,"href":"https:\/\/www.europesays.com\/pt\/wp-json\/wp\/v2\/media\/213282"}],"wp:attachment":[{"href":"https:\/\/www.europesays.com\/pt\/wp-json\/wp\/v2\/media?parent=213281"}],"wp:term":[{"taxonomy":"category","embeddable":true,"href":"https:\/\/www.europesays.com\/pt\/wp-json\/wp\/v2\/categories?post=213281"},{"taxonomy":"post_tag","embeddable":true,"href":"https:\/\/www.europesays.com\/pt\/wp-json\/wp\/v2\/tags?post=213281"}],"curies":[{"name":"wp","href":"https:\/\/api.w.org\/{rel}","templated":true}]}}