{"id":213305,"date":"2026-01-03T12:38:07","date_gmt":"2026-01-03T12:38:07","guid":{"rendered":"https:\/\/www.europesays.com\/pt\/213305\/"},"modified":"2026-01-03T12:38:07","modified_gmt":"2026-01-03T12:38:07","slug":"quem-e-reza-pahlavi-por-quem-os-iranianos-clamam-nos-protestos-diario-de-noticias","status":"publish","type":"post","link":"https:\/\/www.europesays.com\/pt\/213305\/","title":{"rendered":"Quem \u00e9 Reza Pahlavi, por quem os iranianos clamam nos protestos? &#8211; Di\u00e1rio de Not\u00edcias"},"content":{"rendered":"<ol>\n<li><a href=\"https:\/\/news.google.com\/rss\/articles\/CBMilwFBVV95cUxQUklPNmJJQmJLeUk5ZUdRTi1MVWZ4cjZtNWI4WHJqeW40Yi1wVngwckxvRHE3TTlZVWtkbjNtV2ZPX0NTWmU4bVRhdUFPUTVJY2lzbVplMExOQjJ4TTlxN0FrRXExeG9tTTBROEpyZ2o0S1NHaTktWHh2cGNEYmRPRGVucm5mNHhYczR4bEJ3Z3cxME9jZ3Q0?oc=5\" target=\"_blank\" rel=\"nofollow noopener\">Quem \u00e9 Reza Pahlavi, por quem os iranianos clamam nos protestos?<\/a>&nbsp;&nbsp;Di\u00e1rio de Not\u00edcias<\/li>\n<li><a href=\"https:\/\/news.google.com\/rss\/articles\/CBMinAFBVV95cUxQZGk2Q2NmS2RtMFNjSVdtR3hoeWdja01ONGFrOUoyTEIyZHpxNGRnTlE3eEJscTA5TFFRdmlsMWxvMnZVQU50SktVNy1xS21mOFIzSnUxZElicTVIRVVJb1BHMkZreHU0RGltNlJLOTJtZVpfYmNoZ1VYb0xQSTdHQi1Hb2huRFk3WGNudVFxaGlaQWpqTkt3SjZOMlE?oc=5\" target=\"_blank\" rel=\"nofollow noopener\">Ap\u00f3s Trump fazer amea\u00e7as, Ir\u00e3 diz que &#8216;rejeitar\u00e1 qualquer interfer\u00eancia&#8217;<\/a>&nbsp;&nbsp;UOL Not\u00edcias<\/li>\n<li><a href=\"https:\/\/news.google.com\/rss\/articles\/CBMivgFBVV95cUxQMXQ4Wk1PM3JvYXJ4WVNVYzF3aTA0eUw4R01SNHBnZEpRYVY4dE9RWEdUenlSVG8ydXoydkVrN3B1X3QwT01sbnh3Nld3eDZFVk9hQ1k4QURucEgzeW12Yk42aS1RZVpWbVppZHFzN2VhY1JxZGtOSU5JQU1hNGY2bXlxSUY3YVZESXdQOUxwWDRWQmRHTVRHQzlOdXREY0VZaG13QW1OWHEwdUJHRDlsanIzTUwzcmVwZW5uSTV30gHMAUFVX3lxTE00X3gxMVJ5NklDVDY4bi1Rc3lfMzlra0lwR1dnYjNBWFpDOVVucUM4Wks0RXducWlJR2Z6bGJSdU5fVmw0bDRLeEh6akZMa1A5dWVrci1BV2ZEbnZKMlVOeE5QRjRUeFhVeE55OTdyZXEzbmtlOFdHWTBzWEpOdHJrOTRQSG5hM3hOMlNlX3RZQldmTDJLQW5Jd3N1M2JKbGxwMXIyeXlIRHFQSG5BX1FPdFpmNG0ySUkwTzVqNmdLdUJaY2thY1BqMi1VTw?oc=5\" target=\"_blank\" rel=\"nofollow noopener\">FT: Protestos do Ir\u00e3 colocam em xeque agenda de reformas do governo<\/a>&nbsp;&nbsp;Valor Econ\u00f4mico<\/li>\n<li><a href=\"https:\/\/news.google.com\/rss\/articles\/CBMi1AFBVV95cUxORHo5RlRjVW1jeUpMRzJuN0VhUFgwWHpjbnZvSllNRUNBZlRjVkkxM2cyWW9pWnBrXy1oZlV6VXBqX2Z2TXp3YklfQ3lFY29UcG5kdXFJY0VxZ3M2OHB5bkJRMzl1OWRZQVEwZV9ieFNrY2hyN29mUmJ6R2pmM3Y3OWdTZUZmWjVZRFB2MGc2SU1DanppYmI5d2N1SDNoMUdRN2xlTnJfZm1xajIwU0lpM2x1d2MtQkh5Vmttci14OHFKdWwzYWw5bWFQb0Exci00bHpMaw?oc=5\" target=\"_blank\" rel=\"nofollow noopener\">Trump diz que EUA v\u00e3o intervir se Ir\u00e3 matar manifestantes; Teer\u00e3 reage com amea\u00e7as e fala em caos regional<\/a>&nbsp;&nbsp;VEJA<\/li>\n<li><a href=\"https:\/\/news.google.com\/rss\/articles\/CBMihgFBVV95cUxQM2VWY2lCZUlZeFQzUFNsakVhdVFhRDJxX3JLX1N0cnJkb2J4UTc1anlmcXl1WTRHNFJrMVBjRnNlMk9EQXdydTdoRFNDa0g3SmVqdGpNcEs5VVp0UnF6cFBPd1NVbXNPbTZUR3BWVlZWSEVyQnUwYnRidTVHaHJwLU4yYTNTQQ?oc=5\" target=\"_blank\" rel=\"nofollow noopener\">Por que os iranianos est\u00e3o nas ruas protestando<\/a>&nbsp;&nbsp;Nexo Jornal<\/li>\n<\/ol>\n","protected":false},"excerpt":{"rendered":"Quem \u00e9 Reza Pahlavi, por quem os iranianos clamam nos protestos?&nbsp;&nbsp;Di\u00e1rio de Not\u00edcias Ap\u00f3s Trump fazer amea\u00e7as, Ir\u00e3&hellip;\n","protected":false},"author":2,"featured_media":213306,"comment_status":"","ping_status":"","sticky":false,"template":"","format":"standard","meta":{"footnotes":""},"categories":[50],"tags":[41534,27,28,15,16,14,82,5453,25,26,21,22,62,12,13,19,20,23,24,41690,17,18,29,30,31,63,64,65],"class_list":{"0":"post-213305","1":"post","2":"type-post","3":"status-publish","4":"format-standard","5":"has-post-thumbnail","7":"category-mundo","8":"tag-ayatollah-ali-khamenei","9":"tag-breaking-news","10":"tag-breakingnews","11":"tag-featured-news","12":"tag-featurednews","13":"tag-headlines","14":"tag-internacional","15":"tag-irao","16":"tag-latest-news","17":"tag-latestnews","18":"tag-main-news","19":"tag-mainnews","20":"tag-mundo","21":"tag-news","22":"tag-noticias","23":"tag-noticias-principais","24":"tag-noticiasprincipais","25":"tag-principais-noticias","26":"tag-principaisnoticias","27":"tag-reza-pahlavi","28":"tag-top-stories","29":"tag-topstories","30":"tag-ultimas","31":"tag-ultimas-noticias","32":"tag-ultimasnoticias","33":"tag-world","34":"tag-world-news","35":"tag-worldnews"},"share_on_mastodon":{"url":"https:\/\/pubeurope.com\/@pt\/115831210205829011","error":""},"_links":{"self":[{"href":"https:\/\/www.europesays.com\/pt\/wp-json\/wp\/v2\/posts\/213305","targetHints":{"allow":["GET"]}}],"collection":[{"href":"https:\/\/www.europesays.com\/pt\/wp-json\/wp\/v2\/posts"}],"about":[{"href":"https:\/\/www.europesays.com\/pt\/wp-json\/wp\/v2\/types\/post"}],"author":[{"embeddable":true,"href":"https:\/\/www.europesays.com\/pt\/wp-json\/wp\/v2\/users\/2"}],"replies":[{"embeddable":true,"href":"https:\/\/www.europesays.com\/pt\/wp-json\/wp\/v2\/comments?post=213305"}],"version-history":[{"count":0,"href":"https:\/\/www.europesays.com\/pt\/wp-json\/wp\/v2\/posts\/213305\/revisions"}],"wp:featuredmedia":[{"embeddable":true,"href":"https:\/\/www.europesays.com\/pt\/wp-json\/wp\/v2\/media\/213306"}],"wp:attachment":[{"href":"https:\/\/www.europesays.com\/pt\/wp-json\/wp\/v2\/media?parent=213305"}],"wp:term":[{"taxonomy":"category","embeddable":true,"href":"https:\/\/www.europesays.com\/pt\/wp-json\/wp\/v2\/categories?post=213305"},{"taxonomy":"post_tag","embeddable":true,"href":"https:\/\/www.europesays.com\/pt\/wp-json\/wp\/v2\/tags?post=213305"}],"curies":[{"name":"wp","href":"https:\/\/api.w.org\/{rel}","templated":true}]}}