{"id":213307,"date":"2026-01-03T12:39:07","date_gmt":"2026-01-03T12:39:07","guid":{"rendered":"https:\/\/www.europesays.com\/pt\/213307\/"},"modified":"2026-01-03T12:39:07","modified_gmt":"2026-01-03T12:39:07","slug":"portugal-registou-1-265-casos-de-gripe-na-semana-do-natal-e-excesso-de-mortalidade-nos-idosos","status":"publish","type":"post","link":"https:\/\/www.europesays.com\/pt\/213307\/","title":{"rendered":"Portugal registou 1.265 casos de gripe na semana do Natal e excesso de mortalidade nos idosos"},"content":{"rendered":"<p>&#13;<br \/>\nO boletim de vigil\u00e2ncia epidemiol\u00f3gica da gripe e outros v\u00edrus respirat\u00f3rios do Instituto Nacional de Sa\u00fade Ricardo Dr. Ricardo Jorge (INSA) indica que a taxa de incid\u00eancia de infe\u00e7\u00f5es respirat\u00f3rias aguda grave (SARI) apresentou uma tend\u00eancia est\u00e1vel na semana de 22 a 28 dezembro.&#13;\n<\/p>\n<p>&#13;<br \/>\nNo entanto, permanece mais elevada nos grupos et\u00e1rios dos zero aos quatro anos e nas pessoas como 65 ou mais anos.  &#13;\n<\/p>\n<p>&#13;<br \/>\nNo mesmo per\u00edodo, foram admitidos 27 casos de infe\u00e7\u00e3o respirat\u00f3ria aguda grave na Unidade Local de Sa\u00fade (ULS) que reportou dados para a vigil\u00e2ncia SARI, correspondendo a uma taxa de incid\u00eancia de 7,9 casos por 100.000 habitantes.  &#13;\n<\/p>\n<p>&#13;<br \/>\nForam tamb\u00e9m reportados 16 casos de gripe pelas 13 Unidades de Cuidados Intensivos (UCI) que enviaram informa\u00e7\u00e3o, tendo sido identificado o v\u00edrus influenza A(H3) em um caso e A n\u00e3o subtipado em 15 casos. &#13;\n<\/p>\n<p>&#13;<br \/>\n&#8220;Nesta semana, a propor\u00e7\u00e3o da gripe em UCI foi de 14,8%, tendo aumentado face \u00e0 semana anterior (7,5%)&#8221;, salienta o relat\u00f3rio a que ag\u00eancia Lusa teve acesso.&#13;\n<\/p>\n<p>&#13;<br \/>\nDe acordo com os dados, sete doentes tinham 65 ou mais anos, cinco tinham entre 55 e 64 anos, tr\u00eas tinham entre 45 e 54 anos e um pertencia ao grupo et\u00e1rio 18-24 anos. &#13;\n<\/p>\n<p>&#13;<br \/>\nDo total de casos, 16 tinham doen\u00e7a cr\u00f3nica subjacente e todos tinham recomenda\u00e7\u00e3o para vacina\u00e7\u00e3o contra a gripe sazonal, sendo que 13 n\u00e3o estavam vacinados.  &#13;\n<\/p>\n<p>&#13;<br \/>\nNa \u00e9poca 2025\/2026, iniciada na semana 40\/2025 (29 de setembro a 05 de outubro), os laborat\u00f3rios da Rede Portuguesa de Laborat\u00f3rios para o Diagn\u00f3stico da Gripe e Outros V\u00edrus Respirat\u00f3rios (Hospitais) notificaram 51.993 casos de infe\u00e7\u00e3o respirat\u00f3ria e foram identificados 9.620 casos de gripe. &#13;\n<\/p>\n<p>&#13;<br \/>\nDesde o in\u00edcio desta \u00e9poca, foram identificados outros agentes respirat\u00f3rios em 3.893 casos, sendo que na semana em an\u00e1lise foram identificados outros agentes respirat\u00f3rios em 360 casos, sendo o V\u00edrus Sincicial Respirat\u00f3rio (RSV) e os Rinovirus\/Enterovirus os mais frequentemente detetados. &#13;\n<\/p>\n<p>&#13;<br \/>\nSegundo o boletim, a mortalidade por todas causas esteve com valores acima do esperado em Portugal na semana do Natal, tendo sido identificados excessos de mortalidade nas regi\u00f5es Norte, Centro, Alentejo e Lisboa e Vale do Tejo, e nos grupos et\u00e1rios acima dos 65 anos.&#13;\n<\/p>\n<p>&#13;<br \/>\nDesde a semana 40\/2024, foram reportados 67 internamentos por infe\u00e7\u00e3o por RSV em crian\u00e7as com menos de 24 meses. Entre os casos registados, 16,4% tinham at\u00e9 tr\u00eas meses de idade, 16,7% eram prematuros e 6% necessitaram de cuidados intensivos ou ventila\u00e7\u00e3o.&#13;<\/p>\n","protected":false},"excerpt":{"rendered":"&#13; O boletim de vigil\u00e2ncia epidemiol\u00f3gica da gripe e outros v\u00edrus respirat\u00f3rios do Instituto Nacional de Sa\u00fade Ricardo&hellip;\n","protected":false},"author":2,"featured_media":213308,"comment_status":"","ping_status":"","sticky":false,"template":"","format":"standard","meta":{"footnotes":""},"categories":[10],"tags":[27,28,1128,15,16,14,25,26,21,22,12,13,19,20,32,23,24,33,17,18,29,30,31,41691],"class_list":{"0":"post-213307","1":"post","2":"type-post","3":"status-publish","4":"format-standard","5":"has-post-thumbnail","7":"category-portugal","8":"tag-breaking-news","9":"tag-breakingnews","10":"tag-diagnostico","11":"tag-featured-news","12":"tag-featurednews","13":"tag-headlines","14":"tag-latest-news","15":"tag-latestnews","16":"tag-main-news","17":"tag-mainnews","18":"tag-news","19":"tag-noticias","20":"tag-noticias-principais","21":"tag-noticiasprincipais","22":"tag-portugal","23":"tag-principais-noticias","24":"tag-principaisnoticias","25":"tag-pt","26":"tag-top-stories","27":"tag-topstories","28":"tag-ultimas","29":"tag-ultimas-noticias","30":"tag-ultimasnoticias","31":"tag-virus-respiratorios-hospitais"},"share_on_mastodon":{"url":"https:\/\/pubeurope.com\/@pt\/115831214076891222","error":""},"_links":{"self":[{"href":"https:\/\/www.europesays.com\/pt\/wp-json\/wp\/v2\/posts\/213307","targetHints":{"allow":["GET"]}}],"collection":[{"href":"https:\/\/www.europesays.com\/pt\/wp-json\/wp\/v2\/posts"}],"about":[{"href":"https:\/\/www.europesays.com\/pt\/wp-json\/wp\/v2\/types\/post"}],"author":[{"embeddable":true,"href":"https:\/\/www.europesays.com\/pt\/wp-json\/wp\/v2\/users\/2"}],"replies":[{"embeddable":true,"href":"https:\/\/www.europesays.com\/pt\/wp-json\/wp\/v2\/comments?post=213307"}],"version-history":[{"count":0,"href":"https:\/\/www.europesays.com\/pt\/wp-json\/wp\/v2\/posts\/213307\/revisions"}],"wp:featuredmedia":[{"embeddable":true,"href":"https:\/\/www.europesays.com\/pt\/wp-json\/wp\/v2\/media\/213308"}],"wp:attachment":[{"href":"https:\/\/www.europesays.com\/pt\/wp-json\/wp\/v2\/media?parent=213307"}],"wp:term":[{"taxonomy":"category","embeddable":true,"href":"https:\/\/www.europesays.com\/pt\/wp-json\/wp\/v2\/categories?post=213307"},{"taxonomy":"post_tag","embeddable":true,"href":"https:\/\/www.europesays.com\/pt\/wp-json\/wp\/v2\/tags?post=213307"}],"curies":[{"name":"wp","href":"https:\/\/api.w.org\/{rel}","templated":true}]}}