{"id":213363,"date":"2026-01-03T13:43:07","date_gmt":"2026-01-03T13:43:07","guid":{"rendered":"https:\/\/www.europesays.com\/pt\/213363\/"},"modified":"2026-01-03T13:43:07","modified_gmt":"2026-01-03T13:43:07","slug":"fc-porto-junta-se-ao-benfica-na-corrida-pela-contratacao-de-avancado-italiano","status":"publish","type":"post","link":"https:\/\/www.europesays.com\/pt\/213363\/","title":{"rendered":"FC Porto junta-se ao Benfica na corrida pela contrata\u00e7\u00e3o de avan\u00e7ado italiano"},"content":{"rendered":"<p>&#8211; Advertisement &#8211;<\/p>\n<p><strong>Lorenzo Lucca foi apontado ao Benfica durante as \u00faltimas semanas e o FC Porto junta-se agora \u00e0 corrida pela contrata\u00e7\u00e3o do avan\u00e7ado.<\/strong><\/p>\n<p>O <a href=\"https:\/\/bolanarede.pt\/categoria\/nacional\/porto\/\" target=\"_blank\" rel=\"noreferrer noopener nofollow\">FC Porto<\/a> j\u00e1 iniciou negocia\u00e7\u00f5es para a contrata\u00e7\u00e3o do avan\u00e7ado <a href=\"https:\/\/bolanarede.pt\/etiqueta\/lorenzo-lucca\/\" target=\"_blank\" rel=\"noreferrer noopener nofollow\">Lorenzo Lucca<\/a>, segundo o jornalista Alfredo Pedulla. A mesma fonte adianta que para al\u00e9m do <a href=\"https:\/\/bolanarede.pt\/categoria\/nacional\/benfica\/\" target=\"_blank\" rel=\"noreferrer noopener nofollow\">Benfica<\/a>, que j\u00e1 tinha demonstrado interesse no jogador, tamb\u00e9m o Nottingham Forrest fez contactos iniciais pelo jogador.<\/p>\n<p>Com 2,01 m, o imponente italiano est\u00e1 atualmente emprestado ao N\u00e1poles, vindo da Udinese, e leva apenas dois golos em 20 jogos esta temporada. A falta de minutos \u00e9 a principal raz\u00e3o para a inten\u00e7\u00e3o do avan\u00e7ado de sair do clube ao qual chegou durante este ver\u00e3o.<\/p>\n<p>O empr\u00e9stimo de Lorenzo Lucca custou 9 milh\u00f5es ao N\u00e1poles e tem uma cl\u00e1usula de compra obrigat\u00f3ria de 25 milh\u00f5es que pode condicionar as negocia\u00e7\u00f5es.<\/p>\n","protected":false},"excerpt":{"rendered":"&#8211; Advertisement &#8211; Lorenzo Lucca foi apontado ao Benfica durante as \u00faltimas semanas e o FC Porto junta-se&hellip;\n","protected":false},"author":2,"featured_media":107388,"comment_status":"","ping_status":"","sticky":false,"template":"","format":"standard","meta":{"footnotes":""},"categories":[87],"tags":[260,51,135,282,38563,2100,41699,32,479,33,134],"class_list":{"0":"post-213363","1":"post","2":"type-post","3":"status-publish","4":"format-standard","5":"has-post-thumbnail","7":"category-desporto","8":"tag-atualidade","9":"tag-benfica","10":"tag-desporto","11":"tag-fc-porto","12":"tag-lorenzo-lucca","13":"tag-napoles","14":"tag-nottingham-forrest","15":"tag-portugal","16":"tag-primeira-liga","17":"tag-pt","18":"tag-sports"},"share_on_mastodon":{"url":"https:\/\/pubeurope.com\/@pt\/115831466232973900","error":""},"_links":{"self":[{"href":"https:\/\/www.europesays.com\/pt\/wp-json\/wp\/v2\/posts\/213363","targetHints":{"allow":["GET"]}}],"collection":[{"href":"https:\/\/www.europesays.com\/pt\/wp-json\/wp\/v2\/posts"}],"about":[{"href":"https:\/\/www.europesays.com\/pt\/wp-json\/wp\/v2\/types\/post"}],"author":[{"embeddable":true,"href":"https:\/\/www.europesays.com\/pt\/wp-json\/wp\/v2\/users\/2"}],"replies":[{"embeddable":true,"href":"https:\/\/www.europesays.com\/pt\/wp-json\/wp\/v2\/comments?post=213363"}],"version-history":[{"count":0,"href":"https:\/\/www.europesays.com\/pt\/wp-json\/wp\/v2\/posts\/213363\/revisions"}],"wp:featuredmedia":[{"embeddable":true,"href":"https:\/\/www.europesays.com\/pt\/wp-json\/wp\/v2\/media\/107388"}],"wp:attachment":[{"href":"https:\/\/www.europesays.com\/pt\/wp-json\/wp\/v2\/media?parent=213363"}],"wp:term":[{"taxonomy":"category","embeddable":true,"href":"https:\/\/www.europesays.com\/pt\/wp-json\/wp\/v2\/categories?post=213363"},{"taxonomy":"post_tag","embeddable":true,"href":"https:\/\/www.europesays.com\/pt\/wp-json\/wp\/v2\/tags?post=213363"}],"curies":[{"name":"wp","href":"https:\/\/api.w.org\/{rel}","templated":true}]}}