{"id":21339,"date":"2025-08-08T16:11:26","date_gmt":"2025-08-08T16:11:26","guid":{"rendered":"https:\/\/www.europesays.com\/pt\/21339\/"},"modified":"2025-08-08T16:11:26","modified_gmt":"2025-08-08T16:11:26","slug":"jornalistas-da-visao-ponderam-criar-associacao-para-salvar-revista-apos-falencia-da-trust-in-news-atualidade","status":"publish","type":"post","link":"https:\/\/www.europesays.com\/pt\/21339\/","title":{"rendered":"Jornalistas da Vis\u00e3o ponderam criar associa\u00e7\u00e3o para salvar revista ap\u00f3s fal\u00eancia da Trust in News &#8211; Atualidade"},"content":{"rendered":"<p data-start=\"562\" data-end=\"1050\"><strong>Acompanhe toda a atualidade informativa em\u00a0<a href=\"https:\/\/24noticias.sapo.pt\/\" target=\"_blank\" rel=\"noopener noreferrer nofollow\">24noticias.sapo.pt<\/a><\/strong><\/p>\n<p>Segundo revelou o diretor da Vis\u00e3o, Rui Tavares Guedes, ao portal <a href=\"https:\/\/eco.sapo.pt\/2025\/08\/07\/grupo-de-jornalistas-da-visao-pondera-criar-associacao-para-ficar-com-a-revista\/\" target=\"_blank\" rel=\"noopener noreferrer nofollow\">+M (ECO)<\/a>, o grupo, composto por 12 profissionais, incluindo elementos da dire\u00e7\u00e3o, editores e grandes rep\u00f3rteres, tem realizado reuni\u00f5es regulares para explorar a viabilidade do projeto e iniciou j\u00e1 contactos informais para perceber de que forma pode avan\u00e7ar com a proposta.<\/p>\n<p>\u201c\u00c9 uma ideia, uma das hip\u00f3teses. Pode ser uma associa\u00e7\u00e3o de jornalistas ou uma cooperativa de jornalistas. S\u00e3o ideias, estamos a ponderar essas hip\u00f3teses e estamos a averiguar as v\u00e1rias possibilidades\u201c, explicou o diretor.<\/p>\n<p>O movimento, motivado pela inten\u00e7\u00e3o de manter a independ\u00eancia editorial da revista, surge num momento em que o futuro da publica\u00e7\u00e3o permanece incerto. Ap\u00f3s o chumbo do plano de insolv\u00eancia apresentado por Lu\u00eds Delgado, acionista \u00fanico da TiN, o tribunal decretou o encerramento da atividade da empresa. O empres\u00e1rio j\u00e1 recorreu da decis\u00e3o no Tribunal da Rela\u00e7\u00e3o de Lisboa.<\/p>\n<p>A sua newsletter de sempre, agora ainda mais \u00fatil<\/p>\n<p>Com o lan\u00e7amento da nova marca de informa\u00e7\u00e3o\u00a0<strong>24not\u00edcias<\/strong>, estamos\u00a0a mudar a plataforma de newsletters, aproveitando para refor\u00e7ar a informa\u00e7\u00e3o que os leitores mais valorizam:\u00a0<strong>a que lhes \u00e9 \u00fatil, ajuda a tomar decis\u00f5es e a entender o mundo.<\/strong><\/p>\n<p><strong>Assine a nova newsletter do 24not\u00edcias\u00a0<a href=\"https:\/\/sapo.us1.list-manage.com\/subscribe?u=8f49263740b14ab5854be8045&amp;id=57a39c5e8f\" target=\"_blank\" rel=\"noopener noreferrer nofollow\">aqui<\/a>.\u00a0<\/strong><\/p>\n<p>Apesar das dificuldades, a Vis\u00e3o voltou \u00e0s bancas na \u00faltima quinta-feira, com nova edi\u00e7\u00e3o j\u00e1 a ser preparada. A reda\u00e7\u00e3o tem assistido a um aumento das vendas em banca, com edi\u00e7\u00f5es esgotadas em v\u00e1rios pontos de venda e uma crescente mobiliza\u00e7\u00e3o da comunidade, que tem demonstrado apoio \u00e0 continuidade do projeto.<\/p>\n<p>Al\u00e9m da proposta de associa\u00e7\u00e3o, os jornalistas subscreveram um pedido de convoca\u00e7\u00e3o de nova assembleia de credores, com o objetivo de ratificar o plano de insolv\u00eancia anteriormente chumbado, removendo a cl\u00e1usula considerada ilegal pelo tribunal. O administrador de insolv\u00eancia, Andr\u00e9 Correia Pais, juntou-se ao pedido e prop\u00f4s que a cessa\u00e7\u00e3o da atividade da empresa seja adiada at\u00e9 outubro, altura em que termina o pr\u00e9-aviso do despedimento coletivo.<\/p>\n<p>Rui Tavares Guedes sublinha que alguns t\u00edtulos do grupo TiN t\u00eam potencial de sustentabilidade, se operarem com uma estrutura de custos reconfigurada. Por isso, defende que a venda dos ativos deve garantir o maior retorno poss\u00edvel para os credores.<\/p>\n<p>Na semana passada, o Taguspark encerrou as instala\u00e7\u00f5es onde funcionava a reda\u00e7\u00e3o da TiN, mas manteve a eletricidade para garantir o funcionamento dos servidores, o que permite continuar a faturar as receitas de vendas em banca.<\/p>\n","protected":false},"excerpt":{"rendered":"Acompanhe toda a atualidade informativa em\u00a024noticias.sapo.pt Segundo revelou o diretor da Vis\u00e3o, Rui Tavares Guedes, ao portal +M&hellip;\n","protected":false},"author":2,"featured_media":21340,"comment_status":"","ping_status":"","sticky":false,"template":"","format":"standard","meta":{"footnotes":""},"categories":[83],"tags":[88,89,90,32,33],"class_list":{"0":"post-21339","1":"post","2":"type-post","3":"status-publish","4":"format-standard","5":"has-post-thumbnail","7":"category-empresas","8":"tag-business","9":"tag-economy","10":"tag-empresas","11":"tag-portugal","12":"tag-pt"},"share_on_mastodon":{"url":"","error":""},"_links":{"self":[{"href":"https:\/\/www.europesays.com\/pt\/wp-json\/wp\/v2\/posts\/21339","targetHints":{"allow":["GET"]}}],"collection":[{"href":"https:\/\/www.europesays.com\/pt\/wp-json\/wp\/v2\/posts"}],"about":[{"href":"https:\/\/www.europesays.com\/pt\/wp-json\/wp\/v2\/types\/post"}],"author":[{"embeddable":true,"href":"https:\/\/www.europesays.com\/pt\/wp-json\/wp\/v2\/users\/2"}],"replies":[{"embeddable":true,"href":"https:\/\/www.europesays.com\/pt\/wp-json\/wp\/v2\/comments?post=21339"}],"version-history":[{"count":0,"href":"https:\/\/www.europesays.com\/pt\/wp-json\/wp\/v2\/posts\/21339\/revisions"}],"wp:featuredmedia":[{"embeddable":true,"href":"https:\/\/www.europesays.com\/pt\/wp-json\/wp\/v2\/media\/21340"}],"wp:attachment":[{"href":"https:\/\/www.europesays.com\/pt\/wp-json\/wp\/v2\/media?parent=21339"}],"wp:term":[{"taxonomy":"category","embeddable":true,"href":"https:\/\/www.europesays.com\/pt\/wp-json\/wp\/v2\/categories?post=21339"},{"taxonomy":"post_tag","embeddable":true,"href":"https:\/\/www.europesays.com\/pt\/wp-json\/wp\/v2\/tags?post=21339"}],"curies":[{"name":"wp","href":"https:\/\/api.w.org\/{rel}","templated":true}]}}