{"id":213400,"date":"2026-01-03T14:15:07","date_gmt":"2026-01-03T14:15:07","guid":{"rendered":"https:\/\/www.europesays.com\/pt\/213400\/"},"modified":"2026-01-03T14:15:07","modified_gmt":"2026-01-03T14:15:07","slug":"renault-clio-reinou-num-mercado-que-cresceu-73-jornal-de-noticias","status":"publish","type":"post","link":"https:\/\/www.europesays.com\/pt\/213400\/","title":{"rendered":"Renault Clio reinou num mercado que cresceu 7,3% &#8211; Jornal de Not\u00edcias"},"content":{"rendered":"<ol>\n<li><a href=\"https:\/\/news.google.com\/rss\/articles\/CBMikwFBVV95cUxPVmxZQ2JkZ3dFVlJLQlVNd3NLWi00Qy0yVmRPUjlwRDJ4cVNkbERDczVPXzAxazI3NnFxa19lT2Z0b2h2QmtOZEI5OHZ1Y2pxRzV2UXBSNmdGeDZBd2RrcjhCbnBuZEp6UjdMcWpWcEo2RTlnUHZGYmItWEJ6N0VHczRaXzVUaHB4UFpLMlk0aGtkMEU?oc=5\" target=\"_blank\" rel=\"nofollow noopener\">Renault Clio reinou num mercado que cresceu 7,3%<\/a>&nbsp;&nbsp;Jornal de Not\u00edcias<\/li>\n<li><a href=\"https:\/\/news.google.com\/rss\/articles\/CBMiwAFBVV95cUxNNVM1TWRjRDlJdkJyQndCdWpmZXFyWkRfRVJUZHZlMC1mUEFJMjhUQVV6UkhKX0tKN09sUG1QWHZ6WWFSY0VUWkJUbmtzOExlLVFfelFRQVlDMy1JT05BOW90R1dWYWh1aE01RUwxaDZYb1JOUzl4c2xyWlRyYnJ2dHdEVEd0Tjk5VnAxd1hiWXdLbVc3d0lWTElLODgzVlU5ODhETkllX1FaSUJ6WW94Mlhya2QzSVlQVERsQ2lZOFM?oc=5\" target=\"_blank\" rel=\"nofollow noopener\">Dados mostram que n\u00famero de ve\u00edculos vendidos em Portugal cresceu 6,2% para 264.821 em 2025<\/a>&nbsp;&nbsp;Observador<\/li>\n<li><a href=\"https:\/\/news.google.com\/rss\/articles\/CBMi2AFBVV95cUxOYnZZS2NzbFhpRnU5SFotTThJdlVUMDZfR0Q0RkRaWno5RW96VEdiTDkwZDVDeVprVXVkYXAxOGd6cjNSbHVTZUtXSmlKOTJ6anF4LTBvNE1CNGJOSzlTVmhaTXBocEs3NHJNbTFGZnVIWXpOZFdUUzFmY1lFQ3hxZUpSeUVIUDdoUGRDeGdhVFNYQ1VTcUJiSlVmVkFoaG4zOFM0VzRvdGpUTWgtVk50V1p4aXFKd0Q1eDdiNXhpVjktby13VmZGUTd3ZUpOU1pSdHFfa1lkLVY?oc=5\" target=\"_blank\" rel=\"nofollow noopener\">Carros el\u00e9tricos despedem-se de 2025 com melhor m\u00eas de sempre a fechar ano recorde<\/a>&nbsp;&nbsp;Jornal de Neg\u00f3cios<\/li>\n<li><a href=\"https:\/\/news.google.com\/rss\/articles\/CBMiswFBVV95cUxQZzFsUDNwR0FtVWFzNjZ4MURkS29YNy1qRnpYbUZFa2RCSTNweHAybDFnX1QtWHJzMVZLWnU5YXFVaHkySEdzbnpiaWRfTGIzSl9VS1M5LWstZjExU05XU1llbllNUXF2S2NfU1dSaXljaEZmZ3JNRWFpbzgtV0ZIR3ZkTFN2SFlVTU40UXVxaVdQSzV3RDJCNmNfSFhlcWhRd0R0b2x6TVRpWVVka1VFdWY4TQ?oc=5\" target=\"_blank\" rel=\"nofollow noopener\">ACAP: mercado autom\u00f3vel fecha 2025 com subida de 6,2%<\/a>&nbsp;&nbsp;Aquela M\u00e1quina<\/li>\n<li><a href=\"https:\/\/news.google.com\/rss\/articles\/CBMiogJBVV95cUxOODhRZWlDeFhKbDFpajVvQ2dNYkphRjVjMjJCTk1jSGZvdV9nN3pRMnJnOEtwR21Hd2NzbWxDaUdpWWxrb3dJWjRrajI3WlMwcTZrNHNHQ29Ycm1yWnpnOUNYZEpqczc1bHhLSS1GVXNiZ1VZLW5aOXVYb2paOHFLSXQ3ZjRneEwzYzBNM1ZTSUF3SnlUM1cyaXdKSksxNG9LRUdPakF5TWRHcURfOElsQ3NhaE5SLVdZTWtsTmNvNm1TU0NlaUNHLVBTTHhTZ0ZRVXU4ZlBfcDRkeHZidjIwYVd2SENvM2UwZ3lnMGxFeWpGR2xkUGIyeHA1ZDlVYk9xcjdNWklOZW4td3hhTEdvX2s4Mmp5WHc3aXpJV0ZLX2RIdw?oc=5\" target=\"_blank\" rel=\"nofollow noopener\">PEUGEOT completa 5 anos de lideran\u00e7a do mercado autom\u00f3vel em Portugal e coloca 4 modelos no top-10 dos autom\u00f3veis mais vendidos no pa\u00eds em 2025<\/a>&nbsp;&nbsp;Stellantis.com<\/li>\n<\/ol>\n","protected":false},"excerpt":{"rendered":"Renault Clio reinou num mercado que cresceu 7,3%&nbsp;&nbsp;Jornal de Not\u00edcias Dados mostram que n\u00famero de ve\u00edculos vendidos em&hellip;\n","protected":false},"author":2,"featured_media":213401,"comment_status":"","ping_status":"","sticky":false,"template":"","format":"standard","meta":{"footnotes":""},"categories":[83],"tags":[2298,88,2637,476,89,90,32,33,1156],"class_list":{"0":"post-213400","1":"post","2":"type-post","3":"status-publish","4":"format-standard","5":"has-post-thumbnail","7":"category-empresas","8":"tag-automoveis","9":"tag-business","10":"tag-carros","11":"tag-economia","12":"tag-economy","13":"tag-empresas","14":"tag-portugal","15":"tag-pt","16":"tag-renault"},"share_on_mastodon":{"url":"https:\/\/pubeurope.com\/@pt\/115831591619103079","error":""},"_links":{"self":[{"href":"https:\/\/www.europesays.com\/pt\/wp-json\/wp\/v2\/posts\/213400","targetHints":{"allow":["GET"]}}],"collection":[{"href":"https:\/\/www.europesays.com\/pt\/wp-json\/wp\/v2\/posts"}],"about":[{"href":"https:\/\/www.europesays.com\/pt\/wp-json\/wp\/v2\/types\/post"}],"author":[{"embeddable":true,"href":"https:\/\/www.europesays.com\/pt\/wp-json\/wp\/v2\/users\/2"}],"replies":[{"embeddable":true,"href":"https:\/\/www.europesays.com\/pt\/wp-json\/wp\/v2\/comments?post=213400"}],"version-history":[{"count":0,"href":"https:\/\/www.europesays.com\/pt\/wp-json\/wp\/v2\/posts\/213400\/revisions"}],"wp:featuredmedia":[{"embeddable":true,"href":"https:\/\/www.europesays.com\/pt\/wp-json\/wp\/v2\/media\/213401"}],"wp:attachment":[{"href":"https:\/\/www.europesays.com\/pt\/wp-json\/wp\/v2\/media?parent=213400"}],"wp:term":[{"taxonomy":"category","embeddable":true,"href":"https:\/\/www.europesays.com\/pt\/wp-json\/wp\/v2\/categories?post=213400"},{"taxonomy":"post_tag","embeddable":true,"href":"https:\/\/www.europesays.com\/pt\/wp-json\/wp\/v2\/tags?post=213400"}],"curies":[{"name":"wp","href":"https:\/\/api.w.org\/{rel}","templated":true}]}}