{"id":213402,"date":"2026-01-03T14:16:07","date_gmt":"2026-01-03T14:16:07","guid":{"rendered":"https:\/\/www.europesays.com\/pt\/213402\/"},"modified":"2026-01-03T14:16:07","modified_gmt":"2026-01-03T14:16:07","slug":"caracas-e-tres-estados-o-mapa-que-ilustra-o-ataque-dos-eua-a-venezuela-ataque-a-venezuela","status":"publish","type":"post","link":"https:\/\/www.europesays.com\/pt\/213402\/","title":{"rendered":"Caracas e tr\u00eas estados: o mapa que ilustra o ataque dos EUA \u00e0 Venezuela | Ataque \u00e0 Venezuela"},"content":{"rendered":"<p>A capital da Venezuela, Caracas, foi, neste s\u00e1bado dia 3 de Janeiro, atacada pelos EUA. Nicol\u00e1s Maduro foi capturado e levado para outro pa\u00eds, juntamente com a sua mulher.<\/p>\n<p>Ao New York Times, numa curta conversa telef\u00f3nica, Donald Trump &#8220;celebrou o sucesso da miss\u00e3o de captura de Maduro&#8221;. &#8220;Muito bom planeamento e muitos soldados excelentes e pessoas fant\u00e1sticas&#8221;, disse Trump. &#8220;Na verdade, foi uma opera\u00e7\u00e3o brilhante.&#8221;<\/p>\n<p>            &#13;<br \/>\n                &#13;<br \/>\n                &#13;<br \/>\n                &#13;<br \/>\n                &#13;<\/p>\n<p>Sobre se teria solicitado autoriza\u00e7\u00e3o do Congresso norte-americano para levar a cabo estes ataques, Donald Trump deixou para a confer\u00eancia de imprensa que ter\u00e1 lugar em Mar-a-Lago, na Florida, pelas 11h locais (16h em Lisboa).<\/p>\n","protected":false},"excerpt":{"rendered":"A capital da Venezuela, Caracas, foi, neste s\u00e1bado dia 3 de Janeiro, atacada pelos EUA. Nicol\u00e1s Maduro foi&hellip;\n","protected":false},"author":2,"featured_media":213403,"comment_status":"","ping_status":"","sticky":false,"template":"","format":"standard","meta":{"footnotes":""},"categories":[50],"tags":[41703,27,28,92,15,16,14,25,26,21,22,62,12,3025,13,19,20,23,24,17,18,29,30,31,63,64,65],"class_list":{"0":"post-213402","1":"post","2":"type-post","3":"status-publish","4":"format-standard","5":"has-post-thumbnail","7":"category-mundo","8":"tag-ataque-a-venezuela","9":"tag-breaking-news","10":"tag-breakingnews","11":"tag-donald-trump","12":"tag-featured-news","13":"tag-featurednews","14":"tag-headlines","15":"tag-latest-news","16":"tag-latestnews","17":"tag-main-news","18":"tag-mainnews","19":"tag-mundo","20":"tag-news","21":"tag-nicolas-maduro","22":"tag-noticias","23":"tag-noticias-principais","24":"tag-noticiasprincipais","25":"tag-principais-noticias","26":"tag-principaisnoticias","27":"tag-top-stories","28":"tag-topstories","29":"tag-ultimas","30":"tag-ultimas-noticias","31":"tag-ultimasnoticias","32":"tag-world","33":"tag-world-news","34":"tag-worldnews"},"share_on_mastodon":{"url":"https:\/\/pubeurope.com\/@pt\/115831595588755759","error":""},"_links":{"self":[{"href":"https:\/\/www.europesays.com\/pt\/wp-json\/wp\/v2\/posts\/213402","targetHints":{"allow":["GET"]}}],"collection":[{"href":"https:\/\/www.europesays.com\/pt\/wp-json\/wp\/v2\/posts"}],"about":[{"href":"https:\/\/www.europesays.com\/pt\/wp-json\/wp\/v2\/types\/post"}],"author":[{"embeddable":true,"href":"https:\/\/www.europesays.com\/pt\/wp-json\/wp\/v2\/users\/2"}],"replies":[{"embeddable":true,"href":"https:\/\/www.europesays.com\/pt\/wp-json\/wp\/v2\/comments?post=213402"}],"version-history":[{"count":0,"href":"https:\/\/www.europesays.com\/pt\/wp-json\/wp\/v2\/posts\/213402\/revisions"}],"wp:featuredmedia":[{"embeddable":true,"href":"https:\/\/www.europesays.com\/pt\/wp-json\/wp\/v2\/media\/213403"}],"wp:attachment":[{"href":"https:\/\/www.europesays.com\/pt\/wp-json\/wp\/v2\/media?parent=213402"}],"wp:term":[{"taxonomy":"category","embeddable":true,"href":"https:\/\/www.europesays.com\/pt\/wp-json\/wp\/v2\/categories?post=213402"},{"taxonomy":"post_tag","embeddable":true,"href":"https:\/\/www.europesays.com\/pt\/wp-json\/wp\/v2\/tags?post=213402"}],"curies":[{"name":"wp","href":"https:\/\/api.w.org\/{rel}","templated":true}]}}