{"id":21341,"date":"2025-08-08T16:12:37","date_gmt":"2025-08-08T16:12:37","guid":{"rendered":"https:\/\/www.europesays.com\/pt\/21341\/"},"modified":"2025-08-08T16:12:37","modified_gmt":"2025-08-08T16:12:37","slug":"ha-um-sitio-do-mundo-onde-podemos-estar-um-dia-atras-e-um-dia-a-frente-ao-mesmo-tempo","status":"publish","type":"post","link":"https:\/\/www.europesays.com\/pt\/21341\/","title":{"rendered":"H\u00e1 um s\u00edtio do mundo onde podemos estar um dia atr\u00e1s e um dia \u00e0 frente ao mesmo tempo"},"content":{"rendered":"<p><img decoding=\"async\" loading=\"lazy\" class=\"size-kopa-image-size-3 wp-image-693630\" src=\"https:\/\/www.europesays.com\/pt\/wp-content\/uploads\/2025\/08\/7df137fbaab6939a0cde043a9e6278aa-783x450.jpg\" alt=\"\" width=\"700\" height=\"402\"  \/><\/p>\n<p class=\"wp-caption-text bot\">Uma foto no ontem e no amanh\u00e3, em Taveuni (Ilhas Fiji)<\/p>\n<p><strong>Em Taveuni, nas Ilhas Fiji, podemos estar, geograficamente, num dia atr\u00e1s e num dia \u00e0 frente, ao mesmo tempo. No entanto, em termos pr\u00e1ticos, o fuso hor\u00e1rio \u00e9 sempre o mesmo.<\/strong><\/p>\n<p>A <strong>Linha Internacional de Data<\/strong> (LID) \u00e9 uma linha imagin\u00e1ria na superf\u00edcie da Terra que, ao ser cruzada, <strong>marca a mudan\u00e7a de data no planeta<\/strong>.<\/p>\n<p>Gra\u00e7as \u00e0 sua \u201cmagia\u201d, \u00e9 poss\u00edvel estar <strong>um dia atr\u00e1s e um dia \u00e0 frente ao mesmo tempo<\/strong>.<\/p>\n<p>Ou seja, se atravessarmos com um p\u00e9 esta linha de oeste para leste, atrasamos um dia no calend\u00e1rio. Pelo contr\u00e1rio, se a atravessarmos o outro p\u00e9 de leste para oeste, avan\u00e7amos um dia.<\/p>\n<p>Em tempos, esta linha m\u00e1gica passou em <strong>Taveuni<\/strong>, a terceira maior ilha das Fiji.<\/p>\n<p>No entanto, para evitar confus\u00f5es e para manter as Fiji unificadas no calend\u00e1rio, atualmente a <strong>LID foi deslocada para o mar<\/strong>.<\/p>\n<p>Em todo o mundo, a LID sofre v\u00e1rios desvios, precisamente, para evitar que pa\u00edses e ilhas sejam divididos em diferentes dias. \u00c9 o que acontece nesta ilha.<\/p>\n<p>Apesar de, atualmente, toda a ilha de Taveuni seguir o mesmo fuso hor\u00e1rio ainda h\u00e1 um marco que assinala que a linha j\u00e1 por ali passou.<\/p>\n<p>Em <strong>Waiyevo \u00e9 poss\u00edvel tirar uma foto no ontem e no amanh\u00e3<\/strong>.<\/p>\n<p class=\"wp-caption-text top\"><a href=\"https:\/\/commons.wikimedia.org\/wiki\/File:TodayYesterday.jpg\" rel=\"nofollow external noopener noreferrer\" data-wpel-link=\"external\" target=\"_blank\" class=\"ext-link\">Paul Lenz \/ Wikimedia<\/a><\/p>\n<p><img decoding=\"async\" loading=\"lazy\" class=\"wp-image-693625 \" src=\"https:\/\/www.europesays.com\/pt\/wp-content\/uploads\/2025\/08\/8b8dfce42ab52539b0fff8d3929cb918-1200x800.jpg\" alt=\"\" width=\"600\" height=\"400\"  \/><\/p>\n<p>Neste local m\u00e1gico, podemos, literalmente, colocar um p\u00e9 de cada lado da linha e, em termos te\u00f3ricos, estar <strong>\u201cnum dia diferente\u201d com cada p\u00e9<\/strong>.<\/p>\n<p>Como lembra a <a href=\"https:\/\/www.taveunidiveresort.com\/activities?utm_source=chatgpt.com\" data-wpel-link=\"external\" target=\"_blank\" rel=\"nofollow external noopener noreferrer\" class=\"ext-link\">Taveuni Dive Resort<\/a>, atualmente isto \u00e9 algo meramente simb\u00f3lico, porque, em termos pr\u00e1ticos, <strong>toda a ilha funciona agora no mesmo hor\u00e1rio<\/strong>. Ou seja, quando um p\u00e9 est\u00e1 no hoje, o outro p\u00e9 tamb\u00e9m est\u00e1 no hoje; e chegar\u00e3o os dois, ao mesmo tempo, ao amanh\u00e3.<\/p>\n<p>    <a href=\"https:\/\/zap.aeiou.pt\/subscrever-newsletter\" data-wpel-link=\"internal\" rel=\"nofollow noopener\" target=\"_blank\">&#13;<br \/>\n        <img loading=\"lazy\" decoding=\"async\" class=\"aligncenter size-full wp-image-575475\" src=\"https:\/\/www.europesays.com\/pt\/wp-content\/uploads\/2025\/08\/1754655132_743_2d51fe4a0ba54894421ead1809309ed9-1-450x140.jpg\" alt=\"Subscreva a Newsletter ZAP\" width=\"450\" height=\"140\"\/>&#13;<br \/>\n    <\/a><\/p>\n<p>                <a href=\"https:\/\/whatsapp.com\/channel\/0029VaIC4EE2f3EJZPPSbR34\" data-wpel-link=\"external\" target=\"_blank\" rel=\"nofollow external noopener noreferrer\" class=\"ext-link\">&#13;<br \/>\n                    <img loading=\"lazy\" decoding=\"async\" class=\"aligncenter size-full wp-image-575475\" src=\"https:\/\/www.europesays.com\/pt\/wp-content\/uploads\/2025\/08\/c68c559d956d4ca20f435ed74a6e71e6.png\" alt=\"Siga-nos no WhatsApp\" width=\"175\" height=\"64\"\/>&#13;<br \/>\n                <\/a><\/p>\n<p>                <a href=\"https:\/\/news.google.com\/publications\/CAAiEHRwZondIV71PDjWNoqMduEqFAgKIhB0cGaJ3SFe9Tw41jaKjHbh?hl=en-US&amp;gl=US&amp;ceid=US%3Aen\" data-wpel-link=\"external\" target=\"_blank\" rel=\"nofollow external noopener noreferrer\" class=\"ext-link\">&#13;<br \/>\n                    <img loading=\"lazy\" decoding=\"async\" class=\"aligncenter size-full wp-image-575475\" src=\"https:\/\/www.europesays.com\/pt\/wp-content\/uploads\/2025\/08\/5123dd8b087b644fdb8f8603acd1bad4.png\" alt=\"Siga-nos no Google News\" width=\"176\" height=\"64\"\/>&#13;<br \/>\n                <\/a><\/p>\n","protected":false},"excerpt":{"rendered":"Uma foto no ontem e no amanh\u00e3, em Taveuni (Ilhas Fiji) Em Taveuni, nas Ilhas Fiji, podemos estar,&hellip;\n","protected":false},"author":2,"featured_media":21342,"comment_status":"","ping_status":"","sticky":false,"template":"","format":"standard","meta":{"footnotes":""},"categories":[50],"tags":[27,28,3471,15,16,7736,14,25,26,21,22,62,12,13,19,20,23,24,605,17,18,29,30,31,63,64,65],"class_list":{"0":"post-21341","1":"post","2":"type-post","3":"status-publish","4":"format-standard","5":"has-post-thumbnail","7":"category-mundo","8":"tag-breaking-news","9":"tag-breakingnews","10":"tag-curiosidades","11":"tag-featured-news","12":"tag-featurednews","13":"tag-fiji","14":"tag-headlines","15":"tag-latest-news","16":"tag-latestnews","17":"tag-main-news","18":"tag-mainnews","19":"tag-mundo","20":"tag-news","21":"tag-noticias","22":"tag-noticias-principais","23":"tag-noticiasprincipais","24":"tag-principais-noticias","25":"tag-principaisnoticias","26":"tag-tempo","27":"tag-top-stories","28":"tag-topstories","29":"tag-ultimas","30":"tag-ultimas-noticias","31":"tag-ultimasnoticias","32":"tag-world","33":"tag-world-news","34":"tag-worldnews"},"share_on_mastodon":{"url":"","error":""},"_links":{"self":[{"href":"https:\/\/www.europesays.com\/pt\/wp-json\/wp\/v2\/posts\/21341","targetHints":{"allow":["GET"]}}],"collection":[{"href":"https:\/\/www.europesays.com\/pt\/wp-json\/wp\/v2\/posts"}],"about":[{"href":"https:\/\/www.europesays.com\/pt\/wp-json\/wp\/v2\/types\/post"}],"author":[{"embeddable":true,"href":"https:\/\/www.europesays.com\/pt\/wp-json\/wp\/v2\/users\/2"}],"replies":[{"embeddable":true,"href":"https:\/\/www.europesays.com\/pt\/wp-json\/wp\/v2\/comments?post=21341"}],"version-history":[{"count":0,"href":"https:\/\/www.europesays.com\/pt\/wp-json\/wp\/v2\/posts\/21341\/revisions"}],"wp:featuredmedia":[{"embeddable":true,"href":"https:\/\/www.europesays.com\/pt\/wp-json\/wp\/v2\/media\/21342"}],"wp:attachment":[{"href":"https:\/\/www.europesays.com\/pt\/wp-json\/wp\/v2\/media?parent=21341"}],"wp:term":[{"taxonomy":"category","embeddable":true,"href":"https:\/\/www.europesays.com\/pt\/wp-json\/wp\/v2\/categories?post=21341"},{"taxonomy":"post_tag","embeddable":true,"href":"https:\/\/www.europesays.com\/pt\/wp-json\/wp\/v2\/tags?post=21341"}],"curies":[{"name":"wp","href":"https:\/\/api.w.org\/{rel}","templated":true}]}}