{"id":213418,"date":"2026-01-03T14:31:11","date_gmt":"2026-01-03T14:31:11","guid":{"rendered":"https:\/\/www.europesays.com\/pt\/213418\/"},"modified":"2026-01-03T14:31:11","modified_gmt":"2026-01-03T14:31:11","slug":"2025-foi-um-ano-atipico-no-comercio-de-carros-usados","status":"publish","type":"post","link":"https:\/\/www.europesays.com\/pt\/213418\/","title":{"rendered":"2025 foi um ano &#8220;at\u00edpico&#8221; no com\u00e9rcio de carros usados"},"content":{"rendered":"<p>O ano que terminou foi, para alguns vendedores de carros usados, &#8220;um ano at\u00edpico&#8221;, marcado pela incerteza das pol\u00edticas para o setor e pela consequente retra\u00e7\u00e3o dos clientes, pelo aumento dos pagamentos a pronto e pela crescente concorr\u00eancia de particulares na venda de ve\u00edculos. Um mercado em transforma\u00e7\u00e3o, onde as vendas online continuam a ganhar peso.<\/p>\n","protected":false},"excerpt":{"rendered":"O ano que terminou foi, para alguns vendedores de carros usados, &#8220;um ano at\u00edpico&#8221;, marcado pela incerteza das&hellip;\n","protected":false},"author":2,"featured_media":213419,"comment_status":"","ping_status":"","sticky":false,"template":"","format":"standard","meta":{"footnotes":""},"categories":[83],"tags":[2298,88,2637,476,89,90,32,33],"class_list":{"0":"post-213418","1":"post","2":"type-post","3":"status-publish","4":"format-standard","5":"has-post-thumbnail","7":"category-empresas","8":"tag-automoveis","9":"tag-business","10":"tag-carros","11":"tag-economia","12":"tag-economy","13":"tag-empresas","14":"tag-portugal","15":"tag-pt"},"share_on_mastodon":{"url":"https:\/\/pubeurope.com\/@pt\/115831654608088982","error":""},"_links":{"self":[{"href":"https:\/\/www.europesays.com\/pt\/wp-json\/wp\/v2\/posts\/213418","targetHints":{"allow":["GET"]}}],"collection":[{"href":"https:\/\/www.europesays.com\/pt\/wp-json\/wp\/v2\/posts"}],"about":[{"href":"https:\/\/www.europesays.com\/pt\/wp-json\/wp\/v2\/types\/post"}],"author":[{"embeddable":true,"href":"https:\/\/www.europesays.com\/pt\/wp-json\/wp\/v2\/users\/2"}],"replies":[{"embeddable":true,"href":"https:\/\/www.europesays.com\/pt\/wp-json\/wp\/v2\/comments?post=213418"}],"version-history":[{"count":0,"href":"https:\/\/www.europesays.com\/pt\/wp-json\/wp\/v2\/posts\/213418\/revisions"}],"wp:featuredmedia":[{"embeddable":true,"href":"https:\/\/www.europesays.com\/pt\/wp-json\/wp\/v2\/media\/213419"}],"wp:attachment":[{"href":"https:\/\/www.europesays.com\/pt\/wp-json\/wp\/v2\/media?parent=213418"}],"wp:term":[{"taxonomy":"category","embeddable":true,"href":"https:\/\/www.europesays.com\/pt\/wp-json\/wp\/v2\/categories?post=213418"},{"taxonomy":"post_tag","embeddable":true,"href":"https:\/\/www.europesays.com\/pt\/wp-json\/wp\/v2\/tags?post=213418"}],"curies":[{"name":"wp","href":"https:\/\/api.w.org\/{rel}","templated":true}]}}