{"id":213500,"date":"2026-01-03T16:00:20","date_gmt":"2026-01-03T16:00:20","guid":{"rendered":"https:\/\/www.europesays.com\/pt\/213500\/"},"modified":"2026-01-03T16:00:20","modified_gmt":"2026-01-03T16:00:20","slug":"oficial-west-ham-anuncia-contratacao-de-pablo-ao-gil-vicente","status":"publish","type":"post","link":"https:\/\/www.europesays.com\/pt\/213500\/","title":{"rendered":"OFICIAL: West Ham anuncia contrata\u00e7\u00e3o de Pablo ao Gil Vicente"},"content":{"rendered":"<p>O avan\u00e7ado Pablo deixou o Gil Vicente e foi oficializado no West Ham, esta sexta-feira.<\/p>\n<p>O jogador de 22 anos, que vai usar a camisola 19 dos \u00abhammers\u00bb,\u00a0assinou por quatro temporadas e meia, com outra de op\u00e7\u00e3o.<\/p>\n<p>Pablo foi um pedido expresso do treinador Nuno Esp\u00edrito Santo, revelou o clube ingl\u00eas. \u00abUm avan\u00e7ado forte e poderoso, capaz de marcar e criar golos, colocar outros jogadores em boa posi\u00e7\u00e3o e ter um trabalho incans\u00e1vel. Pablo teve uma campanha excecional at\u00e9 agora e foi identificado como um alvo-chave pelo t\u00e9cnico Nuno Esp\u00edrito Santo.\u00bb<\/p>\n<p>\u00abEstou muito feliz. Vou dar tudo de mim por este clube, deixar tudo em campo, todo o meu esfor\u00e7o, toda a minha dedica\u00e7\u00e3o. Os adeptos gostam de jogadores que lutam pelo s\u00edmbolo e posso prometer que vou deixar cada gota de suor no campo por este clube. Quero enviar uma mensagem forte de que vim provar o meu valor. Eu sei que sou um jogador jovem, mas sei que neste clube temos de dar o melhor\u00bb, disse Pablo, aos meios de comunica\u00e7\u00e3o do West Ham, que ocupa o 18.\u00ba lugar da Liga inglesa.<\/p>\n<p>Tal como o <strong>Maisfutebol <\/strong>anunciou em tempo oportuno, <a href=\"https:\/\/maisfutebol.iol.pt\/liga\/gil-vicente\/gil-vicente-encaminha-a-venda-de-pablo-felipe-para-o-west-ham\" target=\"_blank\" rel=\"nofollow noopener\"><strong>a contrata\u00e7\u00e3o de Pablo ficou fechada por pouco mais de 20 milh\u00f5es de euros<\/strong><\/a>, por\u00e9m, o Famalic\u00e3o ter\u00e1 direito a metade do valor, isto porque detinha 50 por cento do passe do jogador. O luso-brasileiro torna-se, assim, a maior venda da hist\u00f3ria do emblema de Barcelos.<\/p>\n<p>Pablo j\u00e1 tinha jogado no Gil Vicente na \u00e9poca passada, por empr\u00e9stimo do Famalic\u00e3o, mas mudou-se no ver\u00e3o passado para os gilistas a t\u00edtutlo definitivo. Esta \u00e9poca, o filho do ex-FC Porto Pena marcou dez golos em 14 jogos pelos barcelenses, sendo uma das revela\u00e7\u00f5es da Liga.<\/p>\n","protected":false},"excerpt":{"rendered":"O avan\u00e7ado Pablo deixou o Gil Vicente e foi oficializado no West Ham, esta sexta-feira. O jogador de&hellip;\n","protected":false},"author":2,"featured_media":213501,"comment_status":"","ping_status":"","sticky":false,"template":"","format":"standard","meta":{"footnotes":""},"categories":[8],"tags":[27,28,15,16,9112,14,25,26,36,21,22,46,40,42,41,12,13,19,20,11348,32,666,23,24,33,47,17,18,35,29,30,31,8709],"class_list":{"0":"post-213500","1":"post","2":"type-post","3":"status-publish","4":"format-standard","5":"has-post-thumbnail","7":"category-principais-noticias","8":"tag-breaking-news","9":"tag-breakingnews","10":"tag-featured-news","11":"tag-featurednews","12":"tag-gil-vicente","13":"tag-headlines","14":"tag-latest-news","15":"tag-latestnews","16":"tag-liga","17":"tag-main-news","18":"tag-mainnews","19":"tag-maisfutebol","20":"tag-maistransferencias","21":"tag-mercado","22":"tag-mercado-de-transferencias","23":"tag-news","24":"tag-noticias","25":"tag-noticias-principais","26":"tag-noticiasprincipais","27":"tag-pablo","28":"tag-portugal","29":"tag-premier-league","30":"tag-principais-noticias","31":"tag-principaisnoticias","32":"tag-pt","33":"tag-pura-paixao","34":"tag-top-stories","35":"tag-topstories","36":"tag-transferencias","37":"tag-ultimas","38":"tag-ultimas-noticias","39":"tag-ultimasnoticias","40":"tag-west-ham"},"share_on_mastodon":{"url":"","error":"Validation failed: Text character limit of 500 exceeded"},"_links":{"self":[{"href":"https:\/\/www.europesays.com\/pt\/wp-json\/wp\/v2\/posts\/213500","targetHints":{"allow":["GET"]}}],"collection":[{"href":"https:\/\/www.europesays.com\/pt\/wp-json\/wp\/v2\/posts"}],"about":[{"href":"https:\/\/www.europesays.com\/pt\/wp-json\/wp\/v2\/types\/post"}],"author":[{"embeddable":true,"href":"https:\/\/www.europesays.com\/pt\/wp-json\/wp\/v2\/users\/2"}],"replies":[{"embeddable":true,"href":"https:\/\/www.europesays.com\/pt\/wp-json\/wp\/v2\/comments?post=213500"}],"version-history":[{"count":0,"href":"https:\/\/www.europesays.com\/pt\/wp-json\/wp\/v2\/posts\/213500\/revisions"}],"wp:featuredmedia":[{"embeddable":true,"href":"https:\/\/www.europesays.com\/pt\/wp-json\/wp\/v2\/media\/213501"}],"wp:attachment":[{"href":"https:\/\/www.europesays.com\/pt\/wp-json\/wp\/v2\/media?parent=213500"}],"wp:term":[{"taxonomy":"category","embeddable":true,"href":"https:\/\/www.europesays.com\/pt\/wp-json\/wp\/v2\/categories?post=213500"},{"taxonomy":"post_tag","embeddable":true,"href":"https:\/\/www.europesays.com\/pt\/wp-json\/wp\/v2\/tags?post=213500"}],"curies":[{"name":"wp","href":"https:\/\/api.w.org\/{rel}","templated":true}]}}