{"id":213514,"date":"2026-01-03T16:14:22","date_gmt":"2026-01-03T16:14:22","guid":{"rendered":"https:\/\/www.europesays.com\/pt\/213514\/"},"modified":"2026-01-03T16:14:22","modified_gmt":"2026-01-03T16:14:22","slug":"gouveia-e-melo-responde-a-nota-de-marques-mendes","status":"publish","type":"post","link":"https:\/\/www.europesays.com\/pt\/213514\/","title":{"rendered":"Gouveia e Melo responde a nota de Marques Mendes"},"content":{"rendered":"<p>A prop\u00f3sito da <a href=\"https:\/\/sol.sapo.pt\/2026\/01\/02\/marques-mendes-acusa-gouveia-e-melo-de-mais-uma-falsidade\/\" rel=\"nofollow noopener\" target=\"_blank\">nota<\/a> da candidatura de Marques Mendes sobre a e<a href=\"https:\/\/sol.sapo.pt\/2026\/01\/02\/marques-mendes-foi-apanhado-em-escutas-a-meter-cunhas\/\" rel=\"nofollow noopener\" target=\"_blank\">ntrevista de Gouveia e Melo <\/a>publicada no Nascer do Sol desta sexta-feira, a candidatura do almirante responde que a \u201ccandidatura do Dr. Lu\u00eds Marques Mendes, numa tentativa desesperada de desviar as aten\u00e7\u00f5es para o<br \/>teor das escutas verdadeiras que Henrique Gouveia e Melo citou na entrevista ao Nascer do SOL \u2013 sobre os ganhos que o s\u00f3cio do Dr. Lu\u00eds Marques Mendes teria sobre o tratamento de feridos l\u00edbios \u2013 vem<br \/>inventar o que n\u00e3o consta na entrevista, onde nunca foi referido se o Dr. Lu\u00eds Marques Mendes teria ou n\u00e3o ganhos diretos nisso ou se teria esse neg\u00f3cio, o que se desconhece\u201d.<\/p>\n<p>A nota da dire\u00e7\u00e3o de campanha de Gouveia e Melo acrescenta que \u201ca transcri\u00e7\u00e3o real do que o Dr. Lu\u00eds Marques Mendes disse e que veio publicado em diversas not\u00edcias de \u00f3rg\u00e3os de comunica\u00e7\u00e3o social nunca desmentidas, e que voltamos a citar, \u00e9 \u2018convinha era que os gajos n\u00e3o morressem. Mas se ficassem nem que fosse um pouco tortos, isso at\u00e9<br \/>daria jeito\u2019, o que proporcionaria ganhar mais dinheiro por cada ferido l\u00edbio que fosse recuperado em Portugal\u201d. <\/p>\n<p>Segundo a nota \u201cforam, na referida entrevista, tamb\u00e9m real\u00e7adas as transcri\u00e7\u00f5es das \u201ccunhas\u201d feitas pelo referido candidato junto de membros do governo da altura, para resolu\u00e7\u00e3o de problemas, nomeadamente de um<br \/>grande empres\u00e1rio mo\u00e7ambicano e brasileiro em rela\u00e7\u00e3o a vistos de resid\u00eancia\u201d.<\/p>\n<p>De acordo com o comunicado \u201cs\u00e3o estes factos que devem ser do conhecimento dos portugueses, porque ajudam na necess\u00e1ria<br \/>avalia\u00e7\u00e3o, sobre os princ\u00edpios \u00e9ticos de quem se candidata a Presidente da Rep\u00fablica\u201d. <\/p>\n","protected":false},"excerpt":{"rendered":"A prop\u00f3sito da nota da candidatura de Marques Mendes sobre a entrevista de Gouveia e Melo publicada no&hellip;\n","protected":false},"author":2,"featured_media":213515,"comment_status":"","ping_status":"","sticky":false,"template":"","format":"standard","meta":{"footnotes":""},"categories":[8],"tags":[27,28,15,16,9498,14,25,26,21,22,24788,12,13,19,20,32,23,24,33,17,18,29,30,31],"class_list":{"0":"post-213514","1":"post","2":"type-post","3":"status-publish","4":"format-standard","5":"has-post-thumbnail","7":"category-principais-noticias","8":"tag-breaking-news","9":"tag-breakingnews","10":"tag-featured-news","11":"tag-featurednews","12":"tag-gouveia-e-melo","13":"tag-headlines","14":"tag-latest-news","15":"tag-latestnews","16":"tag-main-news","17":"tag-mainnews","18":"tag-marques-mendes","19":"tag-news","20":"tag-noticias","21":"tag-noticias-principais","22":"tag-noticiasprincipais","23":"tag-portugal","24":"tag-principais-noticias","25":"tag-principaisnoticias","26":"tag-pt","27":"tag-top-stories","28":"tag-topstories","29":"tag-ultimas","30":"tag-ultimas-noticias","31":"tag-ultimasnoticias"},"share_on_mastodon":{"url":"https:\/\/pubeurope.com\/@pt\/115832059835106414","error":""},"_links":{"self":[{"href":"https:\/\/www.europesays.com\/pt\/wp-json\/wp\/v2\/posts\/213514","targetHints":{"allow":["GET"]}}],"collection":[{"href":"https:\/\/www.europesays.com\/pt\/wp-json\/wp\/v2\/posts"}],"about":[{"href":"https:\/\/www.europesays.com\/pt\/wp-json\/wp\/v2\/types\/post"}],"author":[{"embeddable":true,"href":"https:\/\/www.europesays.com\/pt\/wp-json\/wp\/v2\/users\/2"}],"replies":[{"embeddable":true,"href":"https:\/\/www.europesays.com\/pt\/wp-json\/wp\/v2\/comments?post=213514"}],"version-history":[{"count":0,"href":"https:\/\/www.europesays.com\/pt\/wp-json\/wp\/v2\/posts\/213514\/revisions"}],"wp:featuredmedia":[{"embeddable":true,"href":"https:\/\/www.europesays.com\/pt\/wp-json\/wp\/v2\/media\/213515"}],"wp:attachment":[{"href":"https:\/\/www.europesays.com\/pt\/wp-json\/wp\/v2\/media?parent=213514"}],"wp:term":[{"taxonomy":"category","embeddable":true,"href":"https:\/\/www.europesays.com\/pt\/wp-json\/wp\/v2\/categories?post=213514"},{"taxonomy":"post_tag","embeddable":true,"href":"https:\/\/www.europesays.com\/pt\/wp-json\/wp\/v2\/tags?post=213514"}],"curies":[{"name":"wp","href":"https:\/\/api.w.org\/{rel}","templated":true}]}}