{"id":213555,"date":"2026-01-03T16:56:16","date_gmt":"2026-01-03T16:56:16","guid":{"rendered":"https:\/\/www.europesays.com\/pt\/213555\/"},"modified":"2026-01-03T16:56:16","modified_gmt":"2026-01-03T16:56:16","slug":"pj-detem-suspeito-de-matar-o-cunhado-em-jantar-de-passagem-de-ano-na-figueira-da-foz","status":"publish","type":"post","link":"https:\/\/www.europesays.com\/pt\/213555\/","title":{"rendered":"PJ det\u00e9m suspeito de matar o cunhado em jantar de passagem de ano na Figueira da Foz"},"content":{"rendered":"<p>A Pol\u00edcia Judici\u00e1ria anunciou esta sexta-feira, 2 de janeiro, ter detido um homem de 50 anos que \u00e9 suspeito de ter matado o cunhado com golpes de faca, na noite de 31 de dezembro, na Praia da Leirosa, Figueira da Foz.<\/p>\n<p>A PJ refere em comunicado que a v\u00edtima mortal e a sua companheira convidaram o suspeito, irm\u00e3o daquela e a respetiva companheira, para a passagem de ano em sua casa. &#8220;Durante o jantar, em circunst\u00e2ncias ainda n\u00e3o concretamente apuradas, gerou-se uma forte discuss\u00e3o, tendo levado a que a v\u00edtima se ausentasse para o exterior, a fim de evitar que a situa\u00e7\u00e3o escalasse&#8221;, pode ler-se na nota, acrescentando que &#8220;o agressor, munido de uma faca, foi no encal\u00e7o da v\u00edtima e, ap\u00f3s provocar o confronto f\u00edsico e com a clara inten\u00e7\u00e3o de atentar contra a sua vida, desferiu-lhe dois golpes que a atingiram na regi\u00e3o tor\u00e1cica e abdominal, causando-lhe a morte&#8221;.<\/p>\n<p>O suspeito vai ser presente a tribunal para o primeiro interrogat\u00f3rio judicial, ap\u00f3s o qual ser\u00e3o determinadas as medidas de coa\u00e7\u00e3o.<\/p>\n","protected":false},"excerpt":{"rendered":"A Pol\u00edcia Judici\u00e1ria anunciou esta sexta-feira, 2 de janeiro, ter detido um homem de 50 anos que \u00e9&hellip;\n","protected":false},"author":2,"featured_media":164748,"comment_status":"","ping_status":"","sticky":false,"template":"","format":"standard","meta":{"footnotes":""},"categories":[10],"tags":[27,28,15,16,11535,14,5564,25,26,21,22,12,13,19,20,37505,32,23,24,33,17,18,29,30,31],"class_list":{"0":"post-213555","1":"post","2":"type-post","3":"status-publish","4":"format-standard","5":"has-post-thumbnail","7":"category-portugal","8":"tag-breaking-news","9":"tag-breakingnews","10":"tag-featured-news","11":"tag-featurednews","12":"tag-figueira-da-foz","13":"tag-headlines","14":"tag-homicidio","15":"tag-latest-news","16":"tag-latestnews","17":"tag-main-news","18":"tag-mainnews","19":"tag-news","20":"tag-noticias","21":"tag-noticias-principais","22":"tag-noticiasprincipais","23":"tag-passagem-de-ano","24":"tag-portugal","25":"tag-principais-noticias","26":"tag-principaisnoticias","27":"tag-pt","28":"tag-top-stories","29":"tag-topstories","30":"tag-ultimas","31":"tag-ultimas-noticias","32":"tag-ultimasnoticias"},"share_on_mastodon":{"url":"https:\/\/pubeurope.com\/@pt\/115832226361345453","error":""},"_links":{"self":[{"href":"https:\/\/www.europesays.com\/pt\/wp-json\/wp\/v2\/posts\/213555","targetHints":{"allow":["GET"]}}],"collection":[{"href":"https:\/\/www.europesays.com\/pt\/wp-json\/wp\/v2\/posts"}],"about":[{"href":"https:\/\/www.europesays.com\/pt\/wp-json\/wp\/v2\/types\/post"}],"author":[{"embeddable":true,"href":"https:\/\/www.europesays.com\/pt\/wp-json\/wp\/v2\/users\/2"}],"replies":[{"embeddable":true,"href":"https:\/\/www.europesays.com\/pt\/wp-json\/wp\/v2\/comments?post=213555"}],"version-history":[{"count":0,"href":"https:\/\/www.europesays.com\/pt\/wp-json\/wp\/v2\/posts\/213555\/revisions"}],"wp:featuredmedia":[{"embeddable":true,"href":"https:\/\/www.europesays.com\/pt\/wp-json\/wp\/v2\/media\/164748"}],"wp:attachment":[{"href":"https:\/\/www.europesays.com\/pt\/wp-json\/wp\/v2\/media?parent=213555"}],"wp:term":[{"taxonomy":"category","embeddable":true,"href":"https:\/\/www.europesays.com\/pt\/wp-json\/wp\/v2\/categories?post=213555"},{"taxonomy":"post_tag","embeddable":true,"href":"https:\/\/www.europesays.com\/pt\/wp-json\/wp\/v2\/tags?post=213555"}],"curies":[{"name":"wp","href":"https:\/\/api.w.org\/{rel}","templated":true}]}}