{"id":21356,"date":"2025-08-08T16:26:12","date_gmt":"2025-08-08T16:26:12","guid":{"rendered":"https:\/\/www.europesays.com\/pt\/21356\/"},"modified":"2025-08-08T16:26:12","modified_gmt":"2025-08-08T16:26:12","slug":"tesla-cybertruck-tem-nova-utilidade-para-militares-americanos-alvo-para-misseis-armas","status":"publish","type":"post","link":"https:\/\/www.europesays.com\/pt\/21356\/","title":{"rendered":"Tesla Cybertruck tem nova utilidade para militares americanos: alvo para m\u00edsseis | Armas"},"content":{"rendered":"<p>A For\u00e7a A\u00e9rea dos Estados Unidos planeia adquirir duas Tesla Cybertruck para utilizar como alvos em exerc\u00edcios de treino com armamento real. A revela\u00e7\u00e3o foi feita pelo <a href=\"https:\/\/www.twz.com\/land\/air-force-wants-tesla-cybertrucks-to-launch-missiles-at\" target=\"_blank\" rel=\"nofollow noopener\">The War Zone<\/a>, que teve acesso aos documentos oficiais da compra.<\/p>\n<p>De acordo com a publica\u00e7\u00e3o, o objectivo \u00e9 testar a resist\u00eancia da Cybertruck em cen\u00e1rios que simulam situa\u00e7\u00f5es de combate, \u201cdado que advers\u00e1rios estrangeiros poder\u00e3o recorrer a este tipo de ve\u00edculos no futuro\u201d. O documento refere que os testes v\u00e3o ocorrer no Campo de Teste de M\u00edsseis de White Sands, no Novo M\u00e9xico, onde j\u00e1 s\u00e3o habituais exerc\u00edcios com diversos ve\u00edculos. O objectivo da For\u00e7a A\u00e9rea dos EUA \u00e9 simples: verificar quais as armas que ser\u00e3o eficientes a destruir a pick-up de <a href=\"https:\/\/www.publico.pt\/elon-musk\" rel=\"nofollow noopener\" target=\"_blank\">Elon Musk<\/a>.<\/p>\n<p>O pedido da For\u00e7a A\u00e9rea inclui, al\u00e9m das duas Cybertruck, um total de 33 ve\u00edculos variados, entre pick-ups, SUV e at\u00e9 carrinhas comerciais ligeiras. No entanto, a <a href=\"https:\/\/www.publico.pt\/2019\/11\/22\/impar\/noticia\/cybertruck-chegar-800-quilometros-autonomia-electrica-1894669\" rel=\"nofollow noopener\" target=\"_blank\">Cybertruck<\/a> foi o \u00fanico modelo identificado nominalmente no documento, sinalizando preocupa\u00e7\u00f5es espec\u00edficas quanto \u00e0 sua robustez e potencial uso militar. Entre as caracter\u00edsticas da Cybertruck que despertaram a aten\u00e7\u00e3o militar est\u00e1 o \u201cexoesqueleto em a\u00e7o inoxid\u00e1vel\u201d, que confere ao ve\u00edculo \u201cuma resist\u00eancia e durabilidade fora do comum face aos ve\u00edculos convencionais.\u201d<\/p>\n<p>O The War Zone cita ainda que \u201co prop\u00f3sito do treino \u00e9 preparar as unidades para opera\u00e7\u00f5es que espelhem o mais fielmente poss\u00edvel as condi\u00e7\u00f5es reais de combate,\u201d evidenciando a import\u00e2ncia da simula\u00e7\u00e3o realista para a forma\u00e7\u00e3o das for\u00e7as. Este interesse militar na Cybertruck n\u00e3o \u00e9 novidade. Elon Musk j\u00e1 havia abordado a potencial utiliza\u00e7\u00e3o do modelo em contextos militares, nomeadamente numa apresenta\u00e7\u00e3o da For\u00e7a A\u00e9rea americana em 2019. Mais recentemente, correram rumores que Departamento de Estado norte-americano estaria a planear investir 400 milh\u00f5es de d\u00f3lares (cerca de 343 milh\u00f5es de euros) em viaturas blindadas da Tesla, possivelmente para uso diplom\u00e1tico.<\/p>\n<p>N\u00e3o dever\u00e1 ser dif\u00edcil para os militares norte-americanos comprarem as pick-ups Tesla. Isto porque, apesar das previs\u00f5es optimistas de Elon Musk, que antecipava vender mais de meio milh\u00e3o de unidades por ano, apenas 50 mil Cibertrucks foram vendidos o ano passado.<\/p>\n","protected":false},"excerpt":{"rendered":"A For\u00e7a A\u00e9rea dos Estados Unidos planeia adquirir duas Tesla Cybertruck para utilizar como alvos em exerc\u00edcios de&hellip;\n","protected":false},"author":2,"featured_media":21357,"comment_status":"","ping_status":"","sticky":false,"template":"","format":"standard","meta":{"footnotes":""},"categories":[83],"tags":[995,5688,88,89,353,90,246,542,32,33,110,296],"class_list":{"0":"post-21356","1":"post","2":"type-post","3":"status-publish","4":"format-standard","5":"has-post-thumbnail","7":"category-empresas","8":"tag-abre-conteudo","9":"tag-armas","10":"tag-business","11":"tag-economy","12":"tag-em-destaque","13":"tag-empresas","14":"tag-enter","15":"tag-para-redes","16":"tag-portugal","17":"tag-pt","18":"tag-tecnologia","19":"tag-tesla"},"share_on_mastodon":{"url":"","error":""},"_links":{"self":[{"href":"https:\/\/www.europesays.com\/pt\/wp-json\/wp\/v2\/posts\/21356","targetHints":{"allow":["GET"]}}],"collection":[{"href":"https:\/\/www.europesays.com\/pt\/wp-json\/wp\/v2\/posts"}],"about":[{"href":"https:\/\/www.europesays.com\/pt\/wp-json\/wp\/v2\/types\/post"}],"author":[{"embeddable":true,"href":"https:\/\/www.europesays.com\/pt\/wp-json\/wp\/v2\/users\/2"}],"replies":[{"embeddable":true,"href":"https:\/\/www.europesays.com\/pt\/wp-json\/wp\/v2\/comments?post=21356"}],"version-history":[{"count":0,"href":"https:\/\/www.europesays.com\/pt\/wp-json\/wp\/v2\/posts\/21356\/revisions"}],"wp:featuredmedia":[{"embeddable":true,"href":"https:\/\/www.europesays.com\/pt\/wp-json\/wp\/v2\/media\/21357"}],"wp:attachment":[{"href":"https:\/\/www.europesays.com\/pt\/wp-json\/wp\/v2\/media?parent=21356"}],"wp:term":[{"taxonomy":"category","embeddable":true,"href":"https:\/\/www.europesays.com\/pt\/wp-json\/wp\/v2\/categories?post=21356"},{"taxonomy":"post_tag","embeddable":true,"href":"https:\/\/www.europesays.com\/pt\/wp-json\/wp\/v2\/tags?post=21356"}],"curies":[{"name":"wp","href":"https:\/\/api.w.org\/{rel}","templated":true}]}}