{"id":213584,"date":"2026-01-03T17:18:11","date_gmt":"2026-01-03T17:18:11","guid":{"rendered":"https:\/\/www.europesays.com\/pt\/213584\/"},"modified":"2026-01-03T17:18:11","modified_gmt":"2026-01-03T17:18:11","slug":"proenca-anuncia-mudancas-na-taca-mas-nao-fala-da-queda-de-receita-para-os-clubes","status":"publish","type":"post","link":"https:\/\/www.europesays.com\/pt\/213584\/","title":{"rendered":"Proen\u00e7a anuncia mudan\u00e7as na Ta\u00e7a (mas n\u00e3o fala da queda de receita para os clubes)"},"content":{"rendered":"<p style=\"margin-bottom:11px\">O presidente da Federa\u00e7\u00e3o Portuguesa de Futebol (FPF), Pedro Proen\u00e7a, anunciou mudan\u00e7as no formato da Ta\u00e7a de Portugal, j\u00e1 a partir da pr\u00f3xima \u00e9poca.<\/p>\n<p>Num artigo publicado no site da FPF, Proen\u00e7a revelou que as equipas da Liga s\u00f3 v\u00e3o entrar em prova a partir da quarta eliminat\u00f3ria e que as meias-finais passar\u00e3o a ser disputadas num s\u00f3 jogo.<\/p>\n<p>Desta forma, os emblemas do principal escal\u00e3o v\u00e3o ter o calend\u00e1rio mais aliviado, no entanto, a entrada tardia destes clubes em prova significa menos jogos transmitidos na televis\u00e3o e, por isso, menos receita para todos os clubes (os grandes, claro, mas sobretudo os mais pequenos).<\/p>\n<p>Tal estende-se tamb\u00e9m aos pr\u00e9mios, que s\u00e3o pagos com as receitas relativas a transmiss\u00f5es e patroc\u00ednios, e com menos dinheiro dever\u00e3o tamb\u00e9m ficar mais curtos.<\/p>\n<p>Na mensagem de novo ano de Proen\u00e7a, o l\u00edder da FPF sublinhou que \u00ab2026 ser\u00e1 um ano determinante\u00bb para o processo da centraliza\u00e7\u00e3o dos Direitos Audiovisuais, salientou a necessidade de reduzir a carga fiscal no futebol, apontou ao j\u00e1 anunciado Plano Nacional de Arbitragem e ainda \u00e0 import\u00e2ncia de recuperar o sexto lugar no ranking UEFA.<\/p>\n","protected":false},"excerpt":{"rendered":"O presidente da Federa\u00e7\u00e3o Portuguesa de Futebol (FPF), Pedro Proen\u00e7a, anunciou mudan\u00e7as no formato da Ta\u00e7a de Portugal,&hellip;\n","protected":false},"author":2,"featured_media":13519,"comment_status":"","ping_status":"","sticky":false,"template":"","format":"standard","meta":{"footnotes":""},"categories":[87],"tags":[135,17586,41733,285,46,5561,32,33979,33,47,134,2690,3142,13676],"class_list":{"0":"post-213584","1":"post","2":"type-post","3":"status-publish","4":"format-standard","5":"has-post-thumbnail","7":"category-desporto","8":"tag-desporto","9":"tag-formato","10":"tag-formato-taca","11":"tag-fpf","12":"tag-maisfutebol","13":"tag-pedro-proenca","14":"tag-portugal","15":"tag-proenca","16":"tag-pt","17":"tag-pura-paixao","18":"tag-sports","19":"tag-taca","20":"tag-taca-de-portugal","21":"tag-taca-portugal"},"share_on_mastodon":{"url":"https:\/\/pubeurope.com\/@pt\/115832311211906742","error":""},"_links":{"self":[{"href":"https:\/\/www.europesays.com\/pt\/wp-json\/wp\/v2\/posts\/213584","targetHints":{"allow":["GET"]}}],"collection":[{"href":"https:\/\/www.europesays.com\/pt\/wp-json\/wp\/v2\/posts"}],"about":[{"href":"https:\/\/www.europesays.com\/pt\/wp-json\/wp\/v2\/types\/post"}],"author":[{"embeddable":true,"href":"https:\/\/www.europesays.com\/pt\/wp-json\/wp\/v2\/users\/2"}],"replies":[{"embeddable":true,"href":"https:\/\/www.europesays.com\/pt\/wp-json\/wp\/v2\/comments?post=213584"}],"version-history":[{"count":0,"href":"https:\/\/www.europesays.com\/pt\/wp-json\/wp\/v2\/posts\/213584\/revisions"}],"wp:featuredmedia":[{"embeddable":true,"href":"https:\/\/www.europesays.com\/pt\/wp-json\/wp\/v2\/media\/13519"}],"wp:attachment":[{"href":"https:\/\/www.europesays.com\/pt\/wp-json\/wp\/v2\/media?parent=213584"}],"wp:term":[{"taxonomy":"category","embeddable":true,"href":"https:\/\/www.europesays.com\/pt\/wp-json\/wp\/v2\/categories?post=213584"},{"taxonomy":"post_tag","embeddable":true,"href":"https:\/\/www.europesays.com\/pt\/wp-json\/wp\/v2\/tags?post=213584"}],"curies":[{"name":"wp","href":"https:\/\/api.w.org\/{rel}","templated":true}]}}