{"id":213650,"date":"2026-01-03T18:05:07","date_gmt":"2026-01-03T18:05:07","guid":{"rendered":"https:\/\/www.europesays.com\/pt\/213650\/"},"modified":"2026-01-03T18:05:07","modified_gmt":"2026-01-03T18:05:07","slug":"trump-diz-ser-preciso-fazer-alguma-coisa-no-mexico","status":"publish","type":"post","link":"https:\/\/www.europesays.com\/pt\/213650\/","title":{"rendered":"Trump diz ser preciso \u201cfazer alguma coisa\u201d no M\u00e9xico"},"content":{"rendered":"<p>        O presidente dos Estados Unidos defendeu que ser\u00e1 necess\u00e1rio \u201cfazer alguma coisa\u201d contra o narcotr\u00e1fico no M\u00e9xico, reiterando que s\u00e3o os cart\u00e9is de droga a governar aquele pa\u00eds.    <\/p>\n<p>O Presidente dos Estados Unidos, Donald Trump, defendeu que ser\u00e1 necess\u00e1rio \u201cfazer alguma coisa\u201d contra o narcotr\u00e1fico no M\u00e9xico, reiterando que s\u00e3o os cart\u00e9is de droga a governar aquele pa\u00eds. Em entrevista \u00e0 Fox News, ap\u00f3s a opera\u00e7\u00e3o na Venezuela, Trump esclareceu que a captura do presidente venezuelano, Nicol\u00e1s Maduro, n\u00e3o foi uma mensagem para a presidente do M\u00e9xico, Claudia Sheinbaum, que descreveu como sendo sua \u201camiga\u201d e \u201cuma boa mulher\u201d, mas ressalvou que n\u00e3o \u00e9 ela quem governa o pa\u00eds, mas os cart\u00e9is de droga.<\/p>\n<p>Citado pela ag\u00eancia espanhola EFE, Donald Trump revelou que sugeriu \u201cmuitas vezes\u201d \u00e0 hom\u00f3loga mexicana a possibilidade de o ex\u00e9rcito norte-americano acabar com o narcotr\u00e1fico no pa\u00eds, mas que Claudia Sheinbaum pediu que n\u00e3o o fizesse. Trump disse j\u00e1 terem morrido centenas de milhares de pessoas nos Estados Unidos por causa das drogas, que, segundo o pr\u00f3prio, entram principalmente pela fronteira com o M\u00e9xico.<\/p>\n<p>\u201cCaso n\u00e3o saibam, elas [drogas] entram pela fronteira no sul. Teremos que tomar medidas em rela\u00e7\u00e3o ao M\u00e9xico\u201d, atirou. Ao chegar ao poder h\u00e1 quase um ano, Trump classificou os principais cart\u00e9is de tr\u00e1fico de drogas mexicanos como grupos terroristas estrangeiros e anunciou tarifas sobre as exporta\u00e7\u00f5es mexicanas e canadenses em retalia\u00e7\u00e3o ao tr\u00e1fico de fentanil.<\/p>\n<p>O governo de Claudia Sheinbaum ofereceu coopera\u00e7\u00e3o com os Estados Unidos no combate ao narcotr\u00e1fico e \u00e0 migra\u00e7\u00e3o irregular, mas ressalvou que a soberania territorial do M\u00e9xico \u00e9 intoc\u00e1vel.<\/p>\n","protected":false},"excerpt":{"rendered":"O presidente dos Estados Unidos defendeu que ser\u00e1 necess\u00e1rio \u201cfazer alguma coisa\u201d contra o narcotr\u00e1fico no M\u00e9xico, reiterando&hellip;\n","protected":false},"author":2,"featured_media":23559,"comment_status":"","ping_status":"","sticky":false,"template":"","format":"standard","meta":{"footnotes":""},"categories":[50],"tags":[27,28,413,15,16,14,25,26,24218,21,22,62,12,13,19,20,23,24,17,18,2183,29,30,31,3023,63,64,65],"class_list":{"0":"post-213650","1":"post","2":"type-post","3":"status-publish","4":"format-standard","5":"has-post-thumbnail","7":"category-mundo","8":"tag-breaking-news","9":"tag-breakingnews","10":"tag-eua","11":"tag-featured-news","12":"tag-featurednews","13":"tag-headlines","14":"tag-latest-news","15":"tag-latestnews","16":"tag-maduro","17":"tag-main-news","18":"tag-mainnews","19":"tag-mundo","20":"tag-news","21":"tag-noticias","22":"tag-noticias-principais","23":"tag-noticiasprincipais","24":"tag-principais-noticias","25":"tag-principaisnoticias","26":"tag-top-stories","27":"tag-topstories","28":"tag-trump","29":"tag-ultimas","30":"tag-ultimas-noticias","31":"tag-ultimasnoticias","32":"tag-venezuela","33":"tag-world","34":"tag-world-news","35":"tag-worldnews"},"share_on_mastodon":{"url":"https:\/\/pubeurope.com\/@pt\/115832496052648362","error":""},"_links":{"self":[{"href":"https:\/\/www.europesays.com\/pt\/wp-json\/wp\/v2\/posts\/213650","targetHints":{"allow":["GET"]}}],"collection":[{"href":"https:\/\/www.europesays.com\/pt\/wp-json\/wp\/v2\/posts"}],"about":[{"href":"https:\/\/www.europesays.com\/pt\/wp-json\/wp\/v2\/types\/post"}],"author":[{"embeddable":true,"href":"https:\/\/www.europesays.com\/pt\/wp-json\/wp\/v2\/users\/2"}],"replies":[{"embeddable":true,"href":"https:\/\/www.europesays.com\/pt\/wp-json\/wp\/v2\/comments?post=213650"}],"version-history":[{"count":0,"href":"https:\/\/www.europesays.com\/pt\/wp-json\/wp\/v2\/posts\/213650\/revisions"}],"wp:featuredmedia":[{"embeddable":true,"href":"https:\/\/www.europesays.com\/pt\/wp-json\/wp\/v2\/media\/23559"}],"wp:attachment":[{"href":"https:\/\/www.europesays.com\/pt\/wp-json\/wp\/v2\/media?parent=213650"}],"wp:term":[{"taxonomy":"category","embeddable":true,"href":"https:\/\/www.europesays.com\/pt\/wp-json\/wp\/v2\/categories?post=213650"},{"taxonomy":"post_tag","embeddable":true,"href":"https:\/\/www.europesays.com\/pt\/wp-json\/wp\/v2\/tags?post=213650"}],"curies":[{"name":"wp","href":"https:\/\/api.w.org\/{rel}","templated":true}]}}