{"id":213651,"date":"2026-01-03T18:06:11","date_gmt":"2026-01-03T18:06:11","guid":{"rendered":"https:\/\/www.europesays.com\/pt\/213651\/"},"modified":"2026-01-03T18:06:11","modified_gmt":"2026-01-03T18:06:11","slug":"andre-ventura-antecipa-desistencias-a-favor-de-seguro-observador","status":"publish","type":"post","link":"https:\/\/www.europesays.com\/pt\/213651\/","title":{"rendered":"Andr\u00e9 Ventura antecipa desist\u00eancias a favor de Seguro \u2013 Observador"},"content":{"rendered":"<p><a href=\"https:\/\/observador.pt\/liveblogs\/debate-da-radio-junta-oito-candidatos-a-presidencia-da-republica\/\" rel=\"nofollow noopener\" target=\"_blank\">Acompanhe o nosso liveblog sobre pol\u00edtica<\/a><\/p>\n<p>Andr\u00e9 Ventura considerou esta sexta-feira que a desist\u00eancia dos candidatos de esquerda aumentaria a probabilidade de Ant\u00f3nio Jos\u00e9 Seguro passar \u00e0 segunda volta das presidenciais, mas defendeu que caso isso aconte\u00e7a na v\u00e9spera das elei\u00e7\u00f5es ser\u00e1 \u201cuma fraude\u201d.<\/p>\n<p>\u201cTodos os sinais indicam que haver\u00e1 desist\u00eancias \u00e0 esquerda, dada a muito baixa vota\u00e7\u00e3o com que est\u00e1 Ant\u00f3nio Jos\u00e9 Seguro, perante os n\u00fameros de quase todas as sondagens, e a necessidade que o PS tem de ter um candidato na segunda volta\u201d, antecipou o candidato presidencial apoiado pelo Chega.<\/p>\n<p>Em declara\u00e7\u00f5es aos jornalistas, depois de entregar cobertores no Centro de Apoio ao Sem Abrigo (CASA), em Lisboa, Andr\u00e9 Ventura admitiu que n\u00e3o ficaria admirado se Ant\u00f3nio Filipe (apoiado pelo PCP), Catarina Martins (apoiada pelo Bloco de Esquerda) e Jorge Pinto (apoiado pelo Livre) desistissem a favor do antigo secret\u00e1rio-geral socialista, o que aumentaria a \u201cprobabilidade\u201d de Seguro passar a uma segunda volta.<\/p>\n<p>\u201cAcho que Jorge Pinto \u00e9 o mais prov\u00e1vel, Catarina Martins hoje disse que n\u00e3o, mas tamb\u00e9m n\u00e3o era a primeira vez que dizia uma coisa, depois fazia outra. [\u2026] A \u00fanica coisa que acontece aqui \u00e9 que isto \u00e9 uma fraude ao eleitorado. Andam em debates, andam em campanha e, depois, chega o dia, dois dias antes, e dizem que afinal n\u00e3o s\u00e3o candidatos\u201d, salientou.<\/p>\n<p>Na opini\u00e3o do l\u00edder do Chega, \u201cos candidatos que v\u00e3o desistir deviam <strong>assumir agora que n\u00e3o v\u00e3o avan\u00e7ar e n\u00e3o deixar isso para os \u00faltimos dias<\/strong>\u201c.<\/p>\n<p>\u201cCompreendo que a esquerda queira levar algu\u00e9m de esquerda \u00e0 segunda volta, isso a mim n\u00e3o me choca, mas assumiam e assumiam-no agora, n\u00e3o iam participar em debates, em campanha, obrigar-vos a todos a fazer a cobertura da campanha eleitoral [\u2026]. Acho que isto n\u00e3o \u00e9 correto, e isto n\u00e3o \u00e9 justo\u201d, avaliou.<\/p>\n<p>Andr\u00e9 Ventura defendeu que eventuais desist\u00eancias \u00e9 uma quest\u00e3o que \u201cn\u00e3o se coloca muito\u201d \u00e0 direita.<\/p>\n<p>\u201cAcho que vamos ter uma fragmenta\u00e7\u00e3o controlada \u00e0 direita, no sentido entre os votos do Chega, os votos do PSD, os votos da Iniciativa Liberal \u2013 talvez com um bocadinho mais -, e penso que essa vai ser a dispers\u00e3o. Se isto vai favorecer algu\u00e9m? N\u00e3o sei, eu sinto que sou o que t\u00eam o eleitorado mais, digamos assim, seguro do voto, e que a grande discuss\u00e3o aqui vai ser se \u00e9 <strong>Marques Mendes ou Gouveia e Melo a passar \u00e0 segunda volta<\/strong>\u201c, previu.<\/p>\n<p>Ainda assim, o candidato presidencial apoiado pelo Chega n\u00e3o retirou Ant\u00f3nio Jos\u00e9 Seguro \u201cda equa\u00e7\u00e3o\u201d, embora considere que j\u00e1 ficou claro que este \u201cn\u00e3o galvaniza os votos do Partido Socialista\u201d.<\/p>\n<p>\u201cAcontece que outro candidato [Gouveia e Melo] lhe retira at\u00e9 uma parte desses votos. Portanto, diria que est\u00e1 na posi\u00e7\u00e3o mais fragilizada para isso\u201d, completou.<\/p>\n<p>Ventura prometeu \u201ctrabalhar at\u00e9 ao \u00faltimo dia, at\u00e9 \u00e0 \u00faltima hora\u201d para convencer os eleitores a escolherem a sua candidatura em 18 de janeiro.<\/p>\n<p>\u201cAt\u00e9 podia ter 90% [nas sondagens]. Eu ia continuar a andar na rua a tentar convencer as pessoas que sou o melhor candidato para ir \u00e0 segunda volta das presidenciais e, depois, para tentar vencer\u201d, acrescentou.<\/p>\n<p>Ventura acredita que a campanha presidencial \u201cseria completamente diferente\u201d se n\u00e3o tivesse avan\u00e7ado, congratulando-se por ter colocado na agenda temas, como a seguran\u00e7a ou a imigra\u00e7\u00e3o, que n\u00e3o estariam se o Chega n\u00e3o tivesse apresentado um candidato.<\/p>\n","protected":false},"excerpt":{"rendered":"Acompanhe o nosso liveblog sobre pol\u00edtica Andr\u00e9 Ventura considerou esta sexta-feira que a desist\u00eancia dos candidatos de esquerda&hellip;\n","protected":false},"author":2,"featured_media":213652,"comment_status":"","ping_status":"","sticky":false,"template":"","format":"standard","meta":{"footnotes":""},"categories":[10],"tags":[3368,27,28,1077,15,16,14,25,26,21,22,12,13,19,20,3369,302,32,1076,23,24,33,17,18,29,30,31],"class_list":{"0":"post-213651","1":"post","2":"type-post","3":"status-publish","4":"format-standard","5":"has-post-thumbnail","7":"category-portugal","8":"tag-andru00e9-ventura","9":"tag-breaking-news","10":"tag-breakingnews","11":"tag-eleiu00e7u00f5es","12":"tag-featured-news","13":"tag-featurednews","14":"tag-headlines","15":"tag-latest-news","16":"tag-latestnews","17":"tag-main-news","18":"tag-mainnews","19":"tag-news","20":"tag-noticias","21":"tag-noticias-principais","22":"tag-noticiasprincipais","23":"tag-partido-chega","24":"tag-polu00edtica","25":"tag-portugal","26":"tag-presidenciais-2026","27":"tag-principais-noticias","28":"tag-principaisnoticias","29":"tag-pt","30":"tag-top-stories","31":"tag-topstories","32":"tag-ultimas","33":"tag-ultimas-noticias","34":"tag-ultimasnoticias"},"share_on_mastodon":{"url":"https:\/\/pubeurope.com\/@pt\/115832500029038612","error":""},"_links":{"self":[{"href":"https:\/\/www.europesays.com\/pt\/wp-json\/wp\/v2\/posts\/213651","targetHints":{"allow":["GET"]}}],"collection":[{"href":"https:\/\/www.europesays.com\/pt\/wp-json\/wp\/v2\/posts"}],"about":[{"href":"https:\/\/www.europesays.com\/pt\/wp-json\/wp\/v2\/types\/post"}],"author":[{"embeddable":true,"href":"https:\/\/www.europesays.com\/pt\/wp-json\/wp\/v2\/users\/2"}],"replies":[{"embeddable":true,"href":"https:\/\/www.europesays.com\/pt\/wp-json\/wp\/v2\/comments?post=213651"}],"version-history":[{"count":0,"href":"https:\/\/www.europesays.com\/pt\/wp-json\/wp\/v2\/posts\/213651\/revisions"}],"wp:featuredmedia":[{"embeddable":true,"href":"https:\/\/www.europesays.com\/pt\/wp-json\/wp\/v2\/media\/213652"}],"wp:attachment":[{"href":"https:\/\/www.europesays.com\/pt\/wp-json\/wp\/v2\/media?parent=213651"}],"wp:term":[{"taxonomy":"category","embeddable":true,"href":"https:\/\/www.europesays.com\/pt\/wp-json\/wp\/v2\/categories?post=213651"},{"taxonomy":"post_tag","embeddable":true,"href":"https:\/\/www.europesays.com\/pt\/wp-json\/wp\/v2\/tags?post=213651"}],"curies":[{"name":"wp","href":"https:\/\/api.w.org\/{rel}","templated":true}]}}