{"id":21366,"date":"2025-08-08T16:34:10","date_gmt":"2025-08-08T16:34:10","guid":{"rendered":"https:\/\/www.europesays.com\/pt\/21366\/"},"modified":"2025-08-08T16:34:10","modified_gmt":"2025-08-08T16:34:10","slug":"duda-beat-ed-sheeran-e-jonas-brothers-estao-entre-os-lancamentos-da-semana","status":"publish","type":"post","link":"https:\/\/www.europesays.com\/pt\/21366\/","title":{"rendered":"Duda Beat, Ed Sheeran e Jonas Brothers est\u00e3o entre os lan\u00e7amentos da semana!"},"content":{"rendered":"<p data-pm-slice=\"0 0 []\">Chegamos em mais uma sexta-feira! O dia da semana j\u00e1 \u00e9 conhecido por reunir novidades de diversos artistas para as suas carreiras. Um dos destaques desta semana \u00e9 o novo EP de <strong>Duda Beat<\/strong>,\u00a0\u201cEsse Del\u00edrio\u201d, o novo single de\u00a0<strong>Ed Sheeran<\/strong>,\u00a0\u201cA Little More\u201d, e o novo \u00e1lbum do <strong>Jonas Brothers<\/strong>,\u00a0\u201cGreetings From Your Hometown\u201d. Al\u00e9m deles, h\u00e1 tamb\u00e9m novidades de <strong>Alok<\/strong> com <strong>Jess Glynne, DJ Topo<\/strong> com<strong> Kevin o Chris<\/strong> e<strong> Lu\u00edsa Sonza, Jo\u00e3o Gomes<\/strong> com <strong>Wesley Safad\u00e3o e Hugo Menezes, Maria Miranda, Michele Andrade, Rita Ora, T\u00edlia, Vit\u00e3o e Zaynara<\/strong> com <strong>Raphaela Santos<\/strong>. Por isso, chegou a hora de dar uma olhada nos lan\u00e7amentos musicais da semana.\u00a0<a href=\"https:\/\/music.apple.com\/us\/playlist\/popline-lan%C3%A7amentos\/pl.78596305c40f41dc9682d88757161342\" rel=\"nofollow noopener\" target=\"_blank\"><strong>Acompanhe conosco e ou\u00e7a todas as novidades na playlist \u201cPOPline Lan\u00e7amentos\u201d na Apple Music!<\/strong><\/a><\/p>\n<p><img loading=\"lazy\" decoding=\"async\" aria-describedby=\"caption-attachment-374091\" class=\"wp-image-374091 size-large\" src=\"data:image\/svg+xml,%3Csvg%20xmlns=\" http:=\"\" alt=\"\" width=\"800\" height=\"414\" data-lazy- data-lazy- data-lazy-src=\"https:\/\/www.europesays.com\/pt\/wp-content\/uploads\/2025\/08\/NEW-MUSIC-FRIDAYS-800x414.jpg\"\/><\/p>\n<p id=\"caption-attachment-374091\" class=\"wp-caption-text\">Foto: Divulga\u00e7\u00e3o<\/p>\n<p>LEIA MAIS<\/p>\n<p>DESTAQUES:<\/p>\n<p><strong>Alok, Jess Glynne \u2013 Love Has Gone<\/strong><\/p>\n<p><strong>DJ Topo, Kevin o Chris, Lu\u00edsa Sonza \u2013 Bate Volta<\/strong><\/p>\n<p><strong>Duda Beat \u2013 Esse Del\u00edrio (EP)<\/strong><\/p>\n<p><strong>Ed Sheeran \u2013 A Little More<\/strong><\/p>\n<p><strong>Jonas Brothers \u2013 Greetings From Your Hometown (\u00e1lbum)<\/strong><\/p>\n<p><strong>Jo\u00e3o Gomes, Wesley Safad\u00e3o e Hugo Menezez \u2013 Skin de Vaqueiro<\/strong><\/p>\n<p><strong>Maria Miranda \u2013 Cadela<\/strong><\/p>\n<p><strong>Michele Andrade \u2013 Cabulosa (EP)<\/strong><\/p>\n<p><strong>Rita Ora \u2013 Joy<\/strong><\/p>\n<p><strong>T\u00edlia \u2013 Conte\u00fado Expl\u00edcito feat. Machadez<\/strong><\/p>\n<p><strong>Vit\u00e3o \u2013 Sacode<\/strong><\/p>\n<p><strong>Zaynara e Raphaela Santos \u2013 Aceita Meu Tchau<\/strong><\/p>\n<p>OUTROS LAN\u00c7AMENTOS:<\/p>\n<p>AFI \u2013 Behind the Clock<\/p>\n<p>Andr\u00e9 Jord\u00e3o \u2013 Seu Her\u00f3i<\/p>\n<p>Big Du, Dj Gio Marx, Flow MC \u2013 Outro Som de Drive-by<\/p>\n<p>Brych, Isaac Blum \u2013 Echo<\/p>\n<p>CANETARIA, Daniel Ferrera, Purple Studios \u2013 Vaga Pra Vagabundo<\/p>\n<p>Cavetown \u2013 Baby Spoon<\/p>\n<p>Deftones \u2013 milk of the madonna<\/p>\n<p>Devasto Prod, Mc Alan JR, MC RK9\u00a0 \u2013 C\u00e3o de Ra\u00e7a<\/p>\n<p>Diego &amp; Victor Hugo \u2013 Respeitando Minha Saudade<\/p>\n<p>Disclosure, Anderson .Paak \u2013 No Cap<\/p>\n<p>Filipe Freire \u2013 Volta no Mundo<\/p>\n<p>Gibin, Bi\u00e9, Klyn \u2013 Erro808 Centro sujo SP<\/p>\n<p>Glass Animals \u2013 Vampire Bat<\/p>\n<p>Hot Chip \u2013 Ready For The Floor (Mella Dee Remix)<\/p>\n<p>Juliana Franke \u2013 Pra Continuar<\/p>\n<p>L\u00e9o Pinheiro \u2013 Avalanche<\/p>\n<p>MC Neg\u00e3o Original \u2013 Angelotti<\/p>\n<p>MC Pretchako, MC Nito, DJ Menor da B, DJ Jhenny \u2013 Vem No Talento<\/p>\n<p>MK x David Guetta \u2013 Dior (David Guetta Remix)<\/p>\n<p>Mia Badgyal \u2013 Sem Freio ft. Lua de Santana<\/p>\n<p>Miles to Meters feat. Gustavo Bertoni<\/p>\n<p>Midnight Til Morning \u2013 Bye<\/p>\n<p>Neto &amp; Vin\u00edcius, Moda Music \u2013 Faz o Teste<\/p>\n<p>Nicole Nagib \u2013 S\u00f3 Pra Mim<\/p>\n<p>Nith, Chefin, Nairo e Drew \u2013 Tem Que Ter F\u00e9 (Dona de Mim)<\/p>\n<p>Of Monsters and Men \u2013 Ordinary Creature<\/p>\n<p>Pagodeira, Grupo Retr\u00f4samba \u2013 Nossa Alian\u00e7a<\/p>\n<p>Rick Bonadio, Diima, Toque \u2013 Forsa na Pitu<\/p>\n<p>Ryu, The Runner \u2013 GRG<\/p>\n<p>The Lemonheads \u2013 The Key of Victory<\/p>\n<p>The M\u00f6nic, MC Taya \u2013 Bitch Eu Sou Incr\u00edvel<\/p>\n<p>Ti\u00ea \u2013 Enquanto Isso<\/p>\n<p>TINN, RockerZ live sessions \u2013 TODO FUDIDO<\/p>\n<p>Tom Odell \u2013 Ugly<\/p>\n<p>VALLADA \u2013 Muito Prazer<\/p>\n<p>Vivendo do \u00d3cio &amp; Jadsa \u2013 N\u00e3o Tem Nenhum Segredo<\/p>\n<p>Wolf Alice \u2013 White Horses<\/p>\n<p>AUDIOVISUAIS:<\/p>\n<p><strong>BABY METAL \u2013 METAL FORTH (\u00e1lbum)<\/strong><\/p>\n<p><strong>Halestorm \u2013 Everest (\u00e1lbum)<\/strong><\/p>\n<p><strong>Hayley Williams \u2013 Ego Death At A Bachelorette Party<\/strong><\/p>\n<p><strong>Matanza Ritual \u2013 Conclus\u00e3o ou O Segredo no Olho do Morto<\/strong><\/p>\n<p><strong>Papa Roach \u2013 BRAINDEAD (feat. Toby Morse)<\/strong><\/p>\n<p><strong>Siren Society \u2013 If It Was Me<\/strong><\/p>\n<p><strong>Traemme, Kell Smith \u2013 Agora Doeu<\/strong><\/p>\n<p>\u00c1LBUNS e EPs:<\/p>\n<p><strong>\u00c1vine Vinny \u2013 Quebra-Cabe\u00e7a\u00a0(\u00e1lbum deluxe)<\/strong><\/p>\n<p><strong>BAD LUV \u2013 \u201cN\u00d3S\u201d (\u00e1lbum)<\/strong><\/p>\n<p><strong>C\u00edcero \u2013 Uma Onda em Peda\u00e7os (\u00e1lbum)<\/strong><\/p>\n<p><strong>Chaoss, Prod.Haku \u2013 4AM (\u00e1lbum)<\/strong><\/p>\n<p><strong>Craig David \u2013 Commitment (\u00e1lbum)<\/strong><\/p>\n<p><strong>Deekapz \u2013 Deekapz FM (\u00e1lbum)<\/strong><\/p>\n<p><strong> DJ Premier, Roc Marciano \u2013 The Coldest Profession (\u00e1lbum)<\/strong><\/p>\n<p><strong>Gas Dance \u2013 Slow Dance (\u00c1lbum)<\/strong><\/p>\n<p><strong>Grupo Benzadeus \u2013 Pagode no Parque, Vol. 1 (EP)<\/strong><\/p>\n<p><strong>Good Charlotte \u2013 Motel Du Cap (\u00e1lbum)<\/strong><\/p>\n<p><strong>Gunna \u2013 THE LAST WUN (\u00e1lbum)<\/strong><\/p>\n<p><strong>Junior e C\u00e9sar \u2013 Simplesmente (\u00e1lbum)<\/strong><\/p>\n<p><strong>Luan Pereira \u2013 Debaixo do Meu Chap\u00e9u Vol. 1 (EP)<\/strong><\/p>\n<p><strong>Mano Walter \u2013 Waquejada do Mano Vol. 2 (\u00e1lbum)<\/strong><\/p>\n<p><strong>MGK \u2013 Lost Americana (\u00e1lbum)<\/strong><\/p>\n<p><strong>Netinho de Paula, Chrigor e M\u00e1rcio Art \u2013 Samba 90 Graus (\u00e1lbum)<\/strong><\/p>\n<p><strong>The Black Keys \u2013 No Rain, No Flowers (\u00e1lbum)<\/strong><\/p>\n","protected":false},"excerpt":{"rendered":"Chegamos em mais uma sexta-feira! O dia da semana j\u00e1 \u00e9 conhecido por reunir novidades de diversos artistas&hellip;\n","protected":false},"author":2,"featured_media":21367,"comment_status":"","ping_status":"","sticky":false,"template":"","format":"standard","meta":{"footnotes":""},"categories":[141],"tags":[269,114,115,5011,149,150,5012,571,32,33,7737,7738],"class_list":{"0":"post-21366","1":"post","2":"type-post","3":"status-publish","4":"format-standard","5":"has-post-thumbnail","7":"category-musica","8":"tag-capa","9":"tag-entertainment","10":"tag-entretenimento","11":"tag-lancamentos-da-semana","12":"tag-music","13":"tag-musica","14":"tag-new-music-fridays","15":"tag-plantao","16":"tag-portugal","17":"tag-pt","18":"tag-rldestaque","19":"tag-rlplantao"},"share_on_mastodon":{"url":"","error":""},"_links":{"self":[{"href":"https:\/\/www.europesays.com\/pt\/wp-json\/wp\/v2\/posts\/21366","targetHints":{"allow":["GET"]}}],"collection":[{"href":"https:\/\/www.europesays.com\/pt\/wp-json\/wp\/v2\/posts"}],"about":[{"href":"https:\/\/www.europesays.com\/pt\/wp-json\/wp\/v2\/types\/post"}],"author":[{"embeddable":true,"href":"https:\/\/www.europesays.com\/pt\/wp-json\/wp\/v2\/users\/2"}],"replies":[{"embeddable":true,"href":"https:\/\/www.europesays.com\/pt\/wp-json\/wp\/v2\/comments?post=21366"}],"version-history":[{"count":0,"href":"https:\/\/www.europesays.com\/pt\/wp-json\/wp\/v2\/posts\/21366\/revisions"}],"wp:featuredmedia":[{"embeddable":true,"href":"https:\/\/www.europesays.com\/pt\/wp-json\/wp\/v2\/media\/21367"}],"wp:attachment":[{"href":"https:\/\/www.europesays.com\/pt\/wp-json\/wp\/v2\/media?parent=21366"}],"wp:term":[{"taxonomy":"category","embeddable":true,"href":"https:\/\/www.europesays.com\/pt\/wp-json\/wp\/v2\/categories?post=21366"},{"taxonomy":"post_tag","embeddable":true,"href":"https:\/\/www.europesays.com\/pt\/wp-json\/wp\/v2\/tags?post=21366"}],"curies":[{"name":"wp","href":"https:\/\/api.w.org\/{rel}","templated":true}]}}