{"id":213678,"date":"2026-01-03T18:41:12","date_gmt":"2026-01-03T18:41:12","guid":{"rendered":"https:\/\/www.europesays.com\/pt\/213678\/"},"modified":"2026-01-03T18:41:12","modified_gmt":"2026-01-03T18:41:12","slug":"aeroporto-de-lisboa-16-carros-foram-vandalizados-em-parque-observador","status":"publish","type":"post","link":"https:\/\/www.europesays.com\/pt\/213678\/","title":{"rendered":"Aeroporto de Lisboa. 16 carros foram vandalizados em parque \u2013 Observador"},"content":{"rendered":"<p>V\u00e1rios carros foram vandalizados na madrugada desta sexta-feira num parque de estacionamento low-cost junto ao aeroporto Humberto Delgado, em Lisboa, confirmou uma fonte da PSP ao Observador. No total, ter\u00e3o sido 16 os ve\u00edculos danificados.<\/p>\n<p>\u00c9 o segundo incidente deste g\u00e9nero no espa\u00e7o de uma semana, tendo um caso semelhante ocorrido no fim de semana passado. A mesma fonte revelou que um suspeito j\u00e1 foi identificado, n\u00e3o tendo sido detido pelas autoridades.<\/p>\n<p>Contactada, a ANA, gestora do parque de estacionamento do aeroporto, tamb\u00e9m confirmou que \u201cse voltaram a registar atos de vandalismo num parque de estacionamento do Aeroporto de Lisboa\u201d.<\/p>\n<p>\u201cA ANA j\u00e1 refor\u00e7ou a vigil\u00e2ncia deste parque e est\u00e1 a colaborar com a Pol\u00edcia de Seguran\u00e7a P\u00fablica (PSP) para proceder \u00e0 identifica\u00e7\u00e3o do suspeito nomeadamente atrav\u00e9s da disponibiliza\u00e7\u00e3o de imagens de CCTV\u201d, l\u00ea-se na nota enviada ao Observador.<\/p>\n<p>O primeiro incidente foi <a href=\"https:\/\/tvi.iol.pt\/noticias\/video\/vidros-partidos-e-bens-furtados-vandalismo-atinge-parques-do-aeroporto-de-lisboa\/6953ac680cf28fe430493d00?utm_medium=Social&amp;utm_campaign=ed-tvi&amp;utm_source=Facebook&amp;fbclid=IwY2xjawPFEuNleHRuA2FlbQIxMABicmlkETFHcDZSYXNBb3ZBZ21ORmNlc3J0YwZhcHBfaWQQMjIyMDM5MTc4ODIwMDg5MgABHg7FtV5omBB52VnEoNdroLUdsW2rew65Ms-NZUgWPYueQ6eE65wbNlTWctxX_aem_LwtOVCKeWLJUEOfu2eJxIw#Echobox=1767098524\" rel=\"nofollow noopener\" target=\"_blank\">noticiado pela TVI<\/a>, que indicou que houve v\u00e1rios vidros partidos e alguns bens furtados. Segundo uma nota interna da TAP enviada no dia 31 de dezembro sobre os atos de vandalismo da \u00faltima semana e a que o Observador teve acesso, l\u00ea-se que alguns dos carros danificados pertenciam a tripulantes da TAP, informa\u00e7\u00e3o confirmada pela transportadora a\u00e9rea.<\/p>\n","protected":false},"excerpt":{"rendered":"V\u00e1rios carros foram vandalizados na madrugada desta sexta-feira num parque de estacionamento low-cost junto ao aeroporto Humberto Delgado,&hellip;\n","protected":false},"author":2,"featured_media":97515,"comment_status":"","ping_status":"","sticky":false,"template":"","format":"standard","meta":{"footnotes":""},"categories":[10],"tags":[1812,1320,27,28,15,16,14,25,26,797,21,22,12,13,19,20,57,32,23,24,33,58,17,18,29,30,31],"class_list":{"0":"post-213678","1":"post","2":"type-post","3":"status-publish","4":"format-standard","5":"has-post-thumbnail","7":"category-portugal","8":"tag-aeroportos","9":"tag-aviau00e7u00e3o","10":"tag-breaking-news","11":"tag-breakingnews","12":"tag-featured-news","13":"tag-featurednews","14":"tag-headlines","15":"tag-latest-news","16":"tag-latestnews","17":"tag-lisboa","18":"tag-main-news","19":"tag-mainnews","20":"tag-news","21":"tag-noticias","22":"tag-noticias-principais","23":"tag-noticiasprincipais","24":"tag-pau00eds","25":"tag-portugal","26":"tag-principais-noticias","27":"tag-principaisnoticias","28":"tag-pt","29":"tag-sociedade","30":"tag-top-stories","31":"tag-topstories","32":"tag-ultimas","33":"tag-ultimas-noticias","34":"tag-ultimasnoticias"},"share_on_mastodon":{"url":"https:\/\/pubeurope.com\/@pt\/115832637512612721","error":""},"_links":{"self":[{"href":"https:\/\/www.europesays.com\/pt\/wp-json\/wp\/v2\/posts\/213678","targetHints":{"allow":["GET"]}}],"collection":[{"href":"https:\/\/www.europesays.com\/pt\/wp-json\/wp\/v2\/posts"}],"about":[{"href":"https:\/\/www.europesays.com\/pt\/wp-json\/wp\/v2\/types\/post"}],"author":[{"embeddable":true,"href":"https:\/\/www.europesays.com\/pt\/wp-json\/wp\/v2\/users\/2"}],"replies":[{"embeddable":true,"href":"https:\/\/www.europesays.com\/pt\/wp-json\/wp\/v2\/comments?post=213678"}],"version-history":[{"count":0,"href":"https:\/\/www.europesays.com\/pt\/wp-json\/wp\/v2\/posts\/213678\/revisions"}],"wp:featuredmedia":[{"embeddable":true,"href":"https:\/\/www.europesays.com\/pt\/wp-json\/wp\/v2\/media\/97515"}],"wp:attachment":[{"href":"https:\/\/www.europesays.com\/pt\/wp-json\/wp\/v2\/media?parent=213678"}],"wp:term":[{"taxonomy":"category","embeddable":true,"href":"https:\/\/www.europesays.com\/pt\/wp-json\/wp\/v2\/categories?post=213678"},{"taxonomy":"post_tag","embeddable":true,"href":"https:\/\/www.europesays.com\/pt\/wp-json\/wp\/v2\/tags?post=213678"}],"curies":[{"name":"wp","href":"https:\/\/api.w.org\/{rel}","templated":true}]}}