{"id":213679,"date":"2026-01-03T18:43:07","date_gmt":"2026-01-03T18:43:07","guid":{"rendered":"https:\/\/www.europesays.com\/pt\/213679\/"},"modified":"2026-01-03T18:43:07","modified_gmt":"2026-01-03T18:43:07","slug":"thaila-ayala-posa-de-biquini-em-formato-de-estrela-e-celebra-dias-de-descanso","status":"publish","type":"post","link":"https:\/\/www.europesays.com\/pt\/213679\/","title":{"rendered":"Thaila Ayala posa de biqu\u00edni em formato de estrela e celebra dias de descanso"},"content":{"rendered":"<p>Thaila Ayala est\u00e1 aproveitando os primeiros dias de 2026 em clima de f\u00e9rias e relaxamento, e n\u00e3o deixou de dividir com os seguidores momentos de sua viagem por Saint Barth, ilha do Caribe.\u00a0Em fotos publicadas nas redes sociais, a atriz aparece usando biqu\u00edni deslumbrante e ousado em formato de estrela, enquanto curtia o sol e o mar ao lado dos dois filhos\u00a0Francisco e Tereza,\u00a0e do marido, Renato G\u00f3es.\u00a0<\/p>\n<p><a target=\"_blank\" href=\"https:\/\/www.estrelando.com.br\/nota\/2025\/12\/29\/thaila-ayala-exibe-beleza-e-amor-em-ilha-paradisiaca-320018\" rel=\"nofollow noopener\">As imagens mostram Thaila em cen\u00e1rio paradis\u00edaco, <\/a>dos quais ela aparece caminhando pela areia, posando sob o sol e celebrando o tempo de descanso. A musa ainda aproveitou os cliques para l\u00e1 de belos e escreveu na legenda:<\/p>\n<p>Que seja assim<a target=\"_blank\" href=\"https:\/\/www.estrelando.com.br\/nota\/2025\/06\/13\/apos-grande-repercussao-thaila-ayala-fala-sobre-relacao-entre-os-filhos-e-a-fase-sabe-308364\" rel=\"nofollow noopener\">, cheio de luz, calor, alegria<\/a>, brisa e amor!<\/p>\n<p><a target=\"_blank\" href=\"https:\/\/www.estrelando.com.br\/foto\/2025\/06\/12\/thaila-ayala-e-renato-goes-dancam-agarradinhos-durante-leilao-solidario-308338\/foto-1\" rel=\"nofollow noopener\">O corp\u00e3o e a beleza da atriz renderam in\u00fameros coment\u00e1rios<\/a> e elogios na publica\u00e7\u00e3o. O marid\u00e3o, inclusive, se derreteu pela amada, comentando v\u00e1rios emojis de carinha de apaixonado.\u00a0<\/p>\n<p>Monique Alfradique, escreveu:<\/p>\n<p>Gata!\u00a0<\/p>\n<p>J\u00e1 uma f\u00e3 comentou:<\/p>\n<p>Deus tem seus preferidos rs<\/p>\n<p>Veja a publica\u00e7\u00e3o:\u00a0<\/p>\n<blockquote class=\"instagram-media\" data-instgrm-permalink=\"https:\/\/www.instagram.com\/p\/DTAq3wCjq5b\/?utm_source=ig_embed&amp;utm_campaign=loading\" data-instgrm-version=\"13\"\/><p>\n\t\t\t\t\t\t<script async src=\"\/\/www.instagram.com\/embed.js\"><\/script><\/p>\n","protected":false},"excerpt":{"rendered":"Thaila Ayala est\u00e1 aproveitando os primeiros dias de 2026 em clima de f\u00e9rias e relaxamento, e n\u00e3o deixou&hellip;\n","protected":false},"author":2,"featured_media":213680,"comment_status":"","ping_status":"","sticky":false,"template":"","format":"standard","meta":{"footnotes":""},"categories":[145],"tags":[211,210,1902,114,115,1899,980,1905,1650,13,1898,32,33,1904,1903,1900,1906,941,1901],"class_list":{"0":"post-213679","1":"post","2":"type-post","3":"status-publish","4":"format-standard","5":"has-post-thumbnail","7":"category-celebridades","8":"tag-celebridades","9":"tag-celebrities","10":"tag-enquetes","11":"tag-entertainment","12":"tag-entretenimento","13":"tag-estilo","14":"tag-famosos","15":"tag-foruns","16":"tag-fotos","17":"tag-noticias","18":"tag-perfis","19":"tag-portugal","20":"tag-pt","21":"tag-quizes","22":"tag-rakings","23":"tag-realities","24":"tag-red-carpet","25":"tag-series","26":"tag-teens"},"share_on_mastodon":{"url":"https:\/\/pubeurope.com\/@pt\/115832645386205123","error":""},"_links":{"self":[{"href":"https:\/\/www.europesays.com\/pt\/wp-json\/wp\/v2\/posts\/213679","targetHints":{"allow":["GET"]}}],"collection":[{"href":"https:\/\/www.europesays.com\/pt\/wp-json\/wp\/v2\/posts"}],"about":[{"href":"https:\/\/www.europesays.com\/pt\/wp-json\/wp\/v2\/types\/post"}],"author":[{"embeddable":true,"href":"https:\/\/www.europesays.com\/pt\/wp-json\/wp\/v2\/users\/2"}],"replies":[{"embeddable":true,"href":"https:\/\/www.europesays.com\/pt\/wp-json\/wp\/v2\/comments?post=213679"}],"version-history":[{"count":0,"href":"https:\/\/www.europesays.com\/pt\/wp-json\/wp\/v2\/posts\/213679\/revisions"}],"wp:featuredmedia":[{"embeddable":true,"href":"https:\/\/www.europesays.com\/pt\/wp-json\/wp\/v2\/media\/213680"}],"wp:attachment":[{"href":"https:\/\/www.europesays.com\/pt\/wp-json\/wp\/v2\/media?parent=213679"}],"wp:term":[{"taxonomy":"category","embeddable":true,"href":"https:\/\/www.europesays.com\/pt\/wp-json\/wp\/v2\/categories?post=213679"},{"taxonomy":"post_tag","embeddable":true,"href":"https:\/\/www.europesays.com\/pt\/wp-json\/wp\/v2\/tags?post=213679"}],"curies":[{"name":"wp","href":"https:\/\/api.w.org\/{rel}","templated":true}]}}