{"id":213681,"date":"2026-01-03T18:49:08","date_gmt":"2026-01-03T18:49:08","guid":{"rendered":"https:\/\/www.europesays.com\/pt\/213681\/"},"modified":"2026-01-03T18:49:08","modified_gmt":"2026-01-03T18:49:08","slug":"farioli-concorda-com-mourinho-f-c-porto-esta-a-fazer-epoca-extraordinaria","status":"publish","type":"post","link":"https:\/\/www.europesays.com\/pt\/213681\/","title":{"rendered":"Farioli concorda com Mourinho: &#8220;F. C. Porto est\u00e1 a fazer \u00e9poca extraordin\u00e1ria&#8221;"},"content":{"rendered":"<p data-remotead-prev-elm=\"true\" data-remotead-elm-id=\"inread\">Na antevis\u00e3o do jogo de domingo com o Santa Clara, nos A\u00e7ores, Francesco Farioli foi questionado sobre as recentes <a href=\"https:\/\/www.jn.pt\/desporto\/artigo\/mourinho-se-o-f-c-porto-e-sporting-fossem-os-do-ano-passado-estariamos-numa-posicao-extraordinaria\/18036188\" target=\"_blank\" rel=\"nofollow noopener\">declara\u00e7\u00f5es de Jos\u00e9 Mourinho<\/a> e Rui Borges, sobre o m\u00e9rito da atual lideran\u00e7a do F. C. Porto no campeonato, e foi direto na resposta.<\/p>\n<p>&#8220;Concordo totalmente com Mourinho, o que estamos a fazer \u00e9 extraordin\u00e1rio em termos de pontos, exibi\u00e7\u00f5es e consist\u00eancia. Nas duas \u00e9pocas anteriores, o Sporting fez mais 29 pontos do que o F. C. Porto e fech\u00e1mos essa diferen\u00e7a. Mas temos de continuar com os p\u00e9s ainda mais no ch\u00e3o e ser ainda mais humildes. A prioridade para n\u00f3s \u00e9 continuar focados na nossa realidade feita de trabalho, paix\u00e3o e desejo de crescer. A \u00e9poca \u00e9 longa, vamos ter muitas competi\u00e7\u00f5es, vamos continuar a pensar jogo a jogo. Este com o Santa Clara \u00e9 um grande desafio e \u00e9 isso que importa&#8221;, afirmou o t\u00e9cnico da equipa portista, que pode aumentar a vantagem na frente da tabela para sete pontos, em caso de triunfo nos A\u00e7ores, ap\u00f3s o <a href=\"https:\/\/www.jn.pt\/desporto\/artigo\/sporting-cede-na-parte-final-e-empata-com-o-gil-vicente\/18036381\" target=\"_blank\" rel=\"nofollow noopener\">empate do Sporting com o Gil Vicente<\/a>.<\/p>\n<blockquote data-type=\"articles\" data-id=\"related-article-18036538\"><p>\n              <strong>Leia tamb\u00e9m <\/strong><br \/>\n              <a href=\"https:\/\/www.jn.pt\/desporto\/artigo\/treinador-do-f-c-porto-garante-que-nao-sai-a-meio-da-epoca\/18036538\" rel=\"nofollow noopener\" target=\"_blank\">Treinador do F. C. Porto garante que n\u00e3o sai a meio da \u00e9poca<\/a>\n            <\/p><\/blockquote>\n<p data-remotead-prev-elm=\"true\" data-remotead-elm-id=\"centro1\">&#8220;N\u00e3o h\u00e1 motiva\u00e7\u00e3o extra. Estamos focados no que temos de fazer. \u00c9 essa a realidade. Sabemos que se queremos estar onde queremos em maio \u00e9 necess\u00e1rio continuar o nosso ritmo. \u00c9 essa forma de pensar para o jogo de amanh\u00e3. H\u00e1 umas semanas disse que nunca vi ningu\u00e9m celebrar um t\u00edtulo em dezembro, agora digo que nunca vi ningu\u00e9m celebrar em janeiro. Estamos focados no nosso caminho. Quero que a equipa entre em campo como se estivesse 15 pontos atr\u00e1s. N\u00e3o estamos a fazer contas, nem planos a longo prazo, mas focados no pr\u00f3ximo jogo. Estamos completamente concentrados no Santa Clara, num relvado complicado&#8221;, disse Farioli<\/p>\n<p>&#8220;Este \u00e9 um m\u00eas com muitos jogos, importantes. Mas o nosso foco est\u00e1 no jogo de amanh\u00e3, encerra um ciclo. Depois vamos ter 10 dias para preparar o pr\u00f3ximo. Vamos defrontar uma equipa que fez uma temporada fant\u00e1stica, est\u00e1 bem e jogar l\u00e1 \u00e9 sempre complicado. Temos de estar prontos, mentalizados para o que vai ser um grande desafio&#8221;, acrescentou.<\/p>\n<p>&#8220;As coisas podem mudar muito r\u00e1pido&#8221;<\/p>\n<p>Sobre as palavras de Andr\u00e9 Villas-Boas ap\u00f3s o treino aberto do passado dia 1, quando lembrou que na \u00e9poca passada tudo parecia correr bem para o F. C. Porto nesta altura, antes do descalabro na segunda volta, o treinador dos drag\u00f5es puxou do que lhe aconteceu no Ajax para admitir o alerta. &#8220;Acho que \u00e9 algo claro, a experi\u00eancia que tive na \u00e9poca passada \u00e9 que as coisas podem mudar muito r\u00e1pido. Tentamos manter toda a gente com os p\u00e9s no ch\u00e3o, porque a realidade \u00e9 que tudo pode mudar, especialmente neste campeonato em que os tr\u00eas da frente conseguem muito pontos. \u00c9 ainda mais importante a consist\u00eancia como factor-chave. Temos de ir para jogo com a mentalidade de quem est\u00e1 15 pontos atr\u00e1s, para nos desafiarmos constantemente e ter a vontade de melhorar todos os dias. O sentimento do treino aberto foi esse, com muita intensidade e desejo em campo. Isso n\u00e3o garante a vit\u00f3ria, mas deixa-nos mais pr\u00f3ximos&#8221;, disse, sublinhando que n\u00e3o espera sa\u00eddas importantes no mercado, antes de revelar que o lateral Pedro Lima vai regressar ao Wolverhampton.<\/p>\n<p>&#8220;Estou contente com os jogadores, quero manter toda a gente. Tivemos les\u00f5es importantes que temos de gerir da melhor maneira. Thiago Silva vai chegar nas pr\u00f3ximas horas e tentar ajudar. Estou alinhado com o presidente em rela\u00e7\u00e3o \u00e0s necessidades da equipa, vamos explorar algumas situa\u00e7\u00f5es que nos permitam ser melhores, mas sempre com a estabilidade da equipa assegurada. Quem chegar deve ter ideia do que vai encontrar, n\u00e3o vamos alimentar rumores de superestrelas. Este \u00e9 o F. C. Porto e o coletivo est\u00e1 acima do individual&#8221;, concluiu.<\/p>\n","protected":false},"excerpt":{"rendered":"Na antevis\u00e3o do jogo de domingo com o Santa Clara, nos A\u00e7ores, Francesco Farioli foi questionado sobre as&hellip;\n","protected":false},"author":2,"featured_media":213682,"comment_status":"","ping_status":"","sticky":false,"template":"","format":"standard","meta":{"footnotes":""},"categories":[87],"tags":[135,20558,1011,524,32,33,134],"class_list":{"0":"post-213681","1":"post","2":"type-post","3":"status-publish","4":"format-standard","5":"has-post-thumbnail","7":"category-desporto","8":"tag-desporto","9":"tag-f-c-porto","10":"tag-francesco-farioli","11":"tag-futebol","12":"tag-portugal","13":"tag-pt","14":"tag-sports"},"share_on_mastodon":{"url":"https:\/\/pubeurope.com\/@pt\/115832669045068995","error":""},"_links":{"self":[{"href":"https:\/\/www.europesays.com\/pt\/wp-json\/wp\/v2\/posts\/213681","targetHints":{"allow":["GET"]}}],"collection":[{"href":"https:\/\/www.europesays.com\/pt\/wp-json\/wp\/v2\/posts"}],"about":[{"href":"https:\/\/www.europesays.com\/pt\/wp-json\/wp\/v2\/types\/post"}],"author":[{"embeddable":true,"href":"https:\/\/www.europesays.com\/pt\/wp-json\/wp\/v2\/users\/2"}],"replies":[{"embeddable":true,"href":"https:\/\/www.europesays.com\/pt\/wp-json\/wp\/v2\/comments?post=213681"}],"version-history":[{"count":0,"href":"https:\/\/www.europesays.com\/pt\/wp-json\/wp\/v2\/posts\/213681\/revisions"}],"wp:featuredmedia":[{"embeddable":true,"href":"https:\/\/www.europesays.com\/pt\/wp-json\/wp\/v2\/media\/213682"}],"wp:attachment":[{"href":"https:\/\/www.europesays.com\/pt\/wp-json\/wp\/v2\/media?parent=213681"}],"wp:term":[{"taxonomy":"category","embeddable":true,"href":"https:\/\/www.europesays.com\/pt\/wp-json\/wp\/v2\/categories?post=213681"},{"taxonomy":"post_tag","embeddable":true,"href":"https:\/\/www.europesays.com\/pt\/wp-json\/wp\/v2\/tags?post=213681"}],"curies":[{"name":"wp","href":"https:\/\/api.w.org\/{rel}","templated":true}]}}