{"id":213761,"date":"2026-01-03T20:11:14","date_gmt":"2026-01-03T20:11:14","guid":{"rendered":"https:\/\/www.europesays.com\/pt\/213761\/"},"modified":"2026-01-03T20:11:14","modified_gmt":"2026-01-03T20:11:14","slug":"leandro-revela-conversa-privada-com-a-familia-de-pedro-e-o-que-lhe-disseram-e-surpreendente-tvi","status":"publish","type":"post","link":"https:\/\/www.europesays.com\/pt\/213761\/","title":{"rendered":"Leandro revela conversa privada com a fam\u00edlia de Pedro. E o que lhe disseram \u00e9 surpreendente &#8211; TVI"},"content":{"rendered":"<ol>\n<li><a href=\"https:\/\/news.google.com\/rss\/articles\/CBMi6gFBVV95cUxQSVFYMFRNcEh0N2U5OWJuYWktT3BKMndwNkdKS0tEdGNzUnBtVWowNExaa3FXM2V4eUw5Uy0zUlA3QWFrUW1mUnpOMnFLVUNNZ0Rud0VpODJSNU5RQUs4SEZocXZqLXhVYlZjRnQ1SjUxWTg2RjVPN2RPbGxIdEhlNy16dk9pY003RHZQWlY5dGNmemVmaU1QUEszYXRFRmxsMW94STZnQXN2NTVnTm5OdWdYbzloU3kxc3J5TDVLTE1FYjIwc0ZDSFc3N1o0TlJrZ1FmT2c1Qjk2Vk01VmlsUjJUYkRKOTN3eHc?oc=5\" target=\"_blank\" rel=\"nofollow noopener\">Leandro revela conversa privada com a fam\u00edlia de Pedro. E o que lhe disseram \u00e9 surpreendente<\/a>&nbsp;&nbsp;TVI<\/li>\n<li><a href=\"https:\/\/news.google.com\/rss\/articles\/CBMi9AFBVV95cUxPOUdsd2w4SVJ4VWVGMFI3VTdNU2xyeFBReE4yYWQ0aGFnZHh1elBQaHJycEkwWTg2VEZfUnM0TWt4cHhVZjN3S1FXNmE0S0pzOTB5M0lpTUltX09YRzJvZTY5eTIwVnVhUS1oUlFNbmxIMnpwdER6bGxVdHpGVkh6TUdUOTFsVHRNc3FUZEpyV0lLY1JYT1FRLXdaV2dsRmtLTkVhVmZyUVdBMVFCSDVNVENIV2U5Ri1nX1NhWHlfcGhxeGlJY0E2UjBPUGlUVGZzNlFEdmhGMDhKbEJfTmd5U3NQOExkSDZDQ2QzRUtsRDRpZUdy?oc=5\" target=\"_blank\" rel=\"nofollow noopener\">Este foi o momento da Gala do \u00abSecret Story\u00bb que ningu\u00e9m percebeu e que gerou rea\u00e7\u00f5es opostas de Marisa e Pedro<\/a>&nbsp;&nbsp;TVI<\/li>\n<li><a href=\"https:\/\/news.google.com\/rss\/articles\/CBMi4gFBVV95cUxPSXI2Z1BvSXBrb3pjUTJnNHdVRzdreUhyRlc4M3JVb201WWtocDJuX3FzVnNMaTgwclBsUncwLV9wQ2FNdFRqa1RIenV3ZjRkZnJjcnczYUFmaWRSdkkxbEVUQmN3c0Y5OG8zVHd4dHd6dVdHVnppbWVsa1lOejlybGNyN3lla29Xdm1LQ3JkRHg2MjJZM0JVRFJiRFlKVXZRNkVZeW1hV3RSaGxUSHpzODM2cmVpb2EybFN2NzZPbDV3bXhzYVdFWXBoVGJxLWc3QWFtQURmeVo1NWs3UEN1RFFB?oc=5\" target=\"_blank\" rel=\"nofollow noopener\">De voz embargada, Pedro faz confiss\u00e3o: \u00abFoi muito dif\u00edcil n\u00e3o falar do que tenho a\u00ed fora\u00bb<\/a>&nbsp;&nbsp;TVI<\/li>\n<li><a href=\"https:\/\/news.google.com\/rss\/articles\/CBMi5AFBVV95cUxOQXN0eXNZZHo5RGNNOEd1b0NKemZ3amp2endRUUcybEs1R1YzUXJ6b1ZJUlI2eG5YVnhSSld4SUVjT25NX2lqa1psV1cwSlRHMnB0NFdhY1NiYklnYzUxSkhRZ0VDZ2R6anBUeUR1b2E0WFp2X2ZkUE1NX2tYNldBdFN4bEw4WWpObUhSdXFaajliR3ZzNFJfQkRLWTF4T182eGhUeDQzelVNc3FRX3J4Vkx6MDZ0SjF6dDhqYzNCZmE2YUxkOC16Q1JoWDc5OHR2MkVSN0RGbmhneVQ3S2I5azNMSXQ?oc=5\" target=\"_blank\" rel=\"nofollow noopener\">Liliana ataca Pedro e Marisa: \u00abSendo um casal&#8230; nem tudo \u00e9 jogo, nem tudo vale 250 mil euros\u00bb<\/a>&nbsp;&nbsp;TVI<\/li>\n<li><a href=\"https:\/\/news.google.com\/rss\/articles\/CBMiwwFBVV95cUxNWk9Nak9NN0JjeVVjclBrbkFzUEJveUpZN0pqWnFsNzlUOWNyM3RjdHdrd2hGZ1hpNnRPYnBsc2xkRGZVWDVkSWFGZXdXaFhqR1pPbnVsbUFmTE1McDMxcDk5djZoOWhLajU4ZjVKVWV0QU1yVVBFallqa2N2a3Y0X1ZwV0oxMzlvTHRfX0lrNnBEWUViRmdXMWJhX25nLThqNmdBbEpPQmFoOGdfQmNBSmprYkdBMDFneW9CUldkR05qOTQ?oc=5\" target=\"_blank\" rel=\"nofollow noopener\">F\u00e1bio Daniel surpreende Cristina Ferreira com pormenor ic\u00f3nico<\/a>&nbsp;&nbsp;TVI<\/li>\n<\/ol>\n","protected":false},"excerpt":{"rendered":"Leandro revela conversa privada com a fam\u00edlia de Pedro. E o que lhe disseram \u00e9 surpreendente&nbsp;&nbsp;TVI Este foi&hellip;\n","protected":false},"author":2,"featured_media":213762,"comment_status":"","ping_status":"","sticky":false,"template":"","format":"standard","meta":{"footnotes":""},"categories":[142],"tags":[114,115,19033,12397,19034,14646,32,33,151,19032],"class_list":{"0":"post-213761","1":"post","2":"type-post","3":"status-publish","4":"format-standard","5":"has-post-thumbnail","7":"category-tv","8":"tag-entertainment","9":"tag-entretenimento","10":"tag-galas-em-video","11":"tag-leandro","12":"tag-melhores-momentos-casa-dos-segredos","13":"tag-pedro","14":"tag-portugal","15":"tag-pt","16":"tag-tv","17":"tag-videos-secret-story-tvi"},"share_on_mastodon":{"url":"https:\/\/pubeurope.com\/@pt\/115832991448041771","error":""},"_links":{"self":[{"href":"https:\/\/www.europesays.com\/pt\/wp-json\/wp\/v2\/posts\/213761","targetHints":{"allow":["GET"]}}],"collection":[{"href":"https:\/\/www.europesays.com\/pt\/wp-json\/wp\/v2\/posts"}],"about":[{"href":"https:\/\/www.europesays.com\/pt\/wp-json\/wp\/v2\/types\/post"}],"author":[{"embeddable":true,"href":"https:\/\/www.europesays.com\/pt\/wp-json\/wp\/v2\/users\/2"}],"replies":[{"embeddable":true,"href":"https:\/\/www.europesays.com\/pt\/wp-json\/wp\/v2\/comments?post=213761"}],"version-history":[{"count":0,"href":"https:\/\/www.europesays.com\/pt\/wp-json\/wp\/v2\/posts\/213761\/revisions"}],"wp:featuredmedia":[{"embeddable":true,"href":"https:\/\/www.europesays.com\/pt\/wp-json\/wp\/v2\/media\/213762"}],"wp:attachment":[{"href":"https:\/\/www.europesays.com\/pt\/wp-json\/wp\/v2\/media?parent=213761"}],"wp:term":[{"taxonomy":"category","embeddable":true,"href":"https:\/\/www.europesays.com\/pt\/wp-json\/wp\/v2\/categories?post=213761"},{"taxonomy":"post_tag","embeddable":true,"href":"https:\/\/www.europesays.com\/pt\/wp-json\/wp\/v2\/tags?post=213761"}],"curies":[{"name":"wp","href":"https:\/\/api.w.org\/{rel}","templated":true}]}}