{"id":21378,"date":"2025-08-08T16:46:20","date_gmt":"2025-08-08T16:46:20","guid":{"rendered":"https:\/\/www.europesays.com\/pt\/21378\/"},"modified":"2025-08-08T16:46:20","modified_gmt":"2025-08-08T16:46:20","slug":"vice-de-trump-usou-exercito-para-elevar-nivel-de-rio-para-passeio-de-ferias","status":"publish","type":"post","link":"https:\/\/www.europesays.com\/pt\/21378\/","title":{"rendered":"Vice de Trump usou Ex\u00e9rcito para elevar n\u00edvel de rio para passeio de f\u00e9rias"},"content":{"rendered":"<p>        Porta-voz de J. D. Vance afirma ao Guardian que pedido foi feito pelos Servi\u00e7os Secretos, sem conhecimento do pol\u00edtico, por seguran\u00e7a    <\/p>\n<p>A equipe do vice-presidente dos\u00a0<a href=\"https:\/\/www1.folha.uol.com.br\/folha-topicos\/estados-unidos\/\" rel=\"nofollow noopener\" target=\"_blank\">Estados Unidos<\/a>, J. D. Vance, solicitou ao Ex\u00e9rcito para elevar o n\u00edvel das \u00e1guas de um rio no estado de Ohio para que ele e sua fam\u00edlia fizessem um passeio durante as f\u00e9rias, segundo reportagem do jornal brit\u00e2nico The Guardian.<\/p>\n<p>O epis\u00f3dio ocorreu no \u00faltimo s\u00e1bado (2), data do anivers\u00e1rio de 41 anos de J. D. Vance. Ele e sua fam\u00edlia fizeram canoagem no rio Little Miami, um afluente do rio Ohio alimentado pelo lago Caesar Creek. O pedido para alterar o n\u00edvel d\u2019\u00e1gua teria partido dos Servi\u00e7os Secretos para garantir a \u201cnavega\u00e7\u00e3o segura\u201d da equipe de Vance.<\/p>\n<p>Segundo fontes ouvidas pelo Guardian, o ajuste n\u00e3o teria sido solicitado apenas para a seguran\u00e7a, mas tamb\u00e9m para criar \u201ccondi\u00e7\u00f5es ideais para a pr\u00e1tica de caiaque\u201d durante a atividade. A publica\u00e7\u00e3o, entretanto, n\u00e3o conseguiu confirmar essa afirma\u00e7\u00e3o de forma independente.<\/p>\n<p>Inicialmente, o gabinete de Vance n\u00e3o respondeu ao Guardian. Ap\u00f3s a repercuss\u00e3o da reportagem, um porta-voz do vice-presidente disse que ele e sua equipa n\u00e3o tinham conhecimento de que o Servi\u00e7o Secreto decidiu solicitar aos engenheiros militares que elevassem o n\u00edvel d\u2019\u00e1gua.<\/p>\n<p>\u201cOs Servi\u00e7os Secretos frequentemente adotam medidas de prote\u00e7\u00e3o sem o conhecimento do vice-presidente ou de sua equipa, como foi o caso no \u00faltimo fim de semana\u201d, afirmou.<\/p>\n<p>Levantamento do The Guardian, a partir de dados p\u00fablicos dispon\u00edveis do Servi\u00e7o Geol\u00f3gico dos EUA, mostra um aumento s\u00fabito no n\u00edvel do rio e uma queda correspondente na eleva\u00e7\u00e3o do lago durante os primeiros dias de agosto, quando Vance estava de f\u00e9rias no local.<\/p>\n<p>Em comunicado enviado por email ao jornal, o porta-voz do Corpo de Engenheiros do Ex\u00e9rcito dos EUA (Usace), Gene Pawlik, afirmou que eles receberam \u201cum pedido para aumentar temporariamente as descargas do lago Caesar Creek para apoiar a navega\u00e7\u00e3o segura do pessoal do Servi\u00e7o Secreto dos EUA\u201d.<\/p>\n<p>N\u00e3o \u00e9 incomum que o Usace altere a vazamento de rios \u2014no entanto, isso costuma ser feito para eventos abertos ou treinos de equipas de emerg\u00eancia. O Corpo de Engenheiros disse em comunicado que o pedido do Servi\u00e7o Secreto \u201catendeu aos crit\u00e9rios operacionais descritos no Manual de Controle de \u00c1gua\u201d.<\/p>\n<p>A deputada democrata Marcy Kaptur, de Ohio, fez um post no Twitter exigindo mais informa\u00e7\u00f5es sobre o epis\u00f3dio.<\/p>\n<p>A not\u00edcia tamb\u00e9m suscitou compara\u00e7\u00f5es com um epis\u00f3dio envolvendo o ex-vice-presidente Al Gore, que foi criticado em 1999 ap\u00f3s uma empresa local despejar milh\u00f5es de litros de \u00e1gua em um rio em Connecticut para evitar que ele encalhasse durante um passeio de canoa.<\/p>\n","protected":false},"excerpt":{"rendered":"Porta-voz de J. D. Vance afirma ao Guardian que pedido foi feito pelos Servi\u00e7os Secretos, sem conhecimento do&hellip;\n","protected":false},"author":2,"featured_media":21379,"comment_status":"","ping_status":"","sticky":false,"template":"","format":"standard","meta":{"footnotes":""},"categories":[50],"tags":[27,28,15,16,14,7740,25,26,21,22,62,12,13,19,20,23,24,17,18,29,30,31,63,64,65],"class_list":{"0":"post-21378","1":"post","2":"type-post","3":"status-publish","4":"format-standard","5":"has-post-thumbnail","7":"category-mundo","8":"tag-breaking-news","9":"tag-breakingnews","10":"tag-featured-news","11":"tag-featurednews","12":"tag-headlines","13":"tag-jd-vance","14":"tag-latest-news","15":"tag-latestnews","16":"tag-main-news","17":"tag-mainnews","18":"tag-mundo","19":"tag-news","20":"tag-noticias","21":"tag-noticias-principais","22":"tag-noticiasprincipais","23":"tag-principais-noticias","24":"tag-principaisnoticias","25":"tag-top-stories","26":"tag-topstories","27":"tag-ultimas","28":"tag-ultimas-noticias","29":"tag-ultimasnoticias","30":"tag-world","31":"tag-world-news","32":"tag-worldnews"},"share_on_mastodon":{"url":"","error":""},"_links":{"self":[{"href":"https:\/\/www.europesays.com\/pt\/wp-json\/wp\/v2\/posts\/21378","targetHints":{"allow":["GET"]}}],"collection":[{"href":"https:\/\/www.europesays.com\/pt\/wp-json\/wp\/v2\/posts"}],"about":[{"href":"https:\/\/www.europesays.com\/pt\/wp-json\/wp\/v2\/types\/post"}],"author":[{"embeddable":true,"href":"https:\/\/www.europesays.com\/pt\/wp-json\/wp\/v2\/users\/2"}],"replies":[{"embeddable":true,"href":"https:\/\/www.europesays.com\/pt\/wp-json\/wp\/v2\/comments?post=21378"}],"version-history":[{"count":0,"href":"https:\/\/www.europesays.com\/pt\/wp-json\/wp\/v2\/posts\/21378\/revisions"}],"wp:featuredmedia":[{"embeddable":true,"href":"https:\/\/www.europesays.com\/pt\/wp-json\/wp\/v2\/media\/21379"}],"wp:attachment":[{"href":"https:\/\/www.europesays.com\/pt\/wp-json\/wp\/v2\/media?parent=21378"}],"wp:term":[{"taxonomy":"category","embeddable":true,"href":"https:\/\/www.europesays.com\/pt\/wp-json\/wp\/v2\/categories?post=21378"},{"taxonomy":"post_tag","embeddable":true,"href":"https:\/\/www.europesays.com\/pt\/wp-json\/wp\/v2\/tags?post=21378"}],"curies":[{"name":"wp","href":"https:\/\/api.w.org\/{rel}","templated":true}]}}