{"id":213791,"date":"2026-01-03T20:36:15","date_gmt":"2026-01-03T20:36:15","guid":{"rendered":"https:\/\/www.europesays.com\/pt\/213791\/"},"modified":"2026-01-03T20:36:15","modified_gmt":"2026-01-03T20:36:15","slug":"rosalia-da-um-role-na-praca-xv-em-tradicional-feira-de-antiguidades-no-rio-de-janeiro","status":"publish","type":"post","link":"https:\/\/www.europesays.com\/pt\/213791\/","title":{"rendered":"Rosal\u00eda d\u00e1 um rol\u00e9 na Pra\u00e7a XV, em tradicional feira de antiguidades no Rio de Janeiro"},"content":{"rendered":"\n<p class=\" content-text__container theme-color-primary-first-letter\" data-track-category=\"Link no Texto\" data-track-links=\"\"> A cantora espanhola Rosal\u00eda visitou a Feira de Antiguidades da Pra\u00e7a XV, Centro do Rio, neste s\u00e1bado (3). Super simp\u00e1tica, procurou uma banca de roupas e ofereceu foto aos f\u00e3s que se aproximaram. <\/p>\n<p class=\" content-text__container \" data-track-category=\"Link no Texto\" data-track-links=\"\"> &#8211; Quer tirar uma foto? &#8211; perguntou ela a uma f\u00e3 que se aproximou. &#8211; T\u00e1 muito calor! <\/p>\n<p class=\" content-text__container \" data-track-category=\"Link no Texto\" data-track-links=\"\"> Rosal\u00eda j\u00e1 estava na cidade na segunda-feira (29), quando passou pelo samba da Pedra do Sal, na Zona Portu\u00e1ria, antes de ir para uma festa. <\/p>\n<p class=\" content-text__container \" data-track-category=\"Link no Texto\" data-track-links=\"\"> No dia seguinte, passeou pela Rocinha, na Zona Sul, onde dan\u00e7ou passinho com uma guia e moradores. <\/p>\n<p class=\" content-text__container \" data-track-category=\"Link no Texto\" data-track-links=\"\"> Na noite do r\u00e9veillon, a cantora esteve na Praia de Ipanema e, no dia seguinte, em um bar em Botafogo &#8211; ambos na Zona Sul. <\/p>\n","protected":false},"excerpt":{"rendered":"A cantora espanhola Rosal\u00eda visitou a Feira de Antiguidades da Pra\u00e7a XV, Centro do Rio, neste s\u00e1bado (3).&hellip;\n","protected":false},"author":2,"featured_media":213792,"comment_status":"","ping_status":"","sticky":false,"template":"","format":"standard","meta":{"footnotes":""},"categories":[145],"tags":[211,210,114,115,32,33,679],"class_list":{"0":"post-213791","1":"post","2":"type-post","3":"status-publish","4":"format-standard","5":"has-post-thumbnail","7":"category-celebridades","8":"tag-celebridades","9":"tag-celebrities","10":"tag-entertainment","11":"tag-entretenimento","12":"tag-portugal","13":"tag-pt","14":"tag-reportagem"},"share_on_mastodon":{"url":"https:\/\/pubeurope.com\/@pt\/115833089746047572","error":""},"_links":{"self":[{"href":"https:\/\/www.europesays.com\/pt\/wp-json\/wp\/v2\/posts\/213791","targetHints":{"allow":["GET"]}}],"collection":[{"href":"https:\/\/www.europesays.com\/pt\/wp-json\/wp\/v2\/posts"}],"about":[{"href":"https:\/\/www.europesays.com\/pt\/wp-json\/wp\/v2\/types\/post"}],"author":[{"embeddable":true,"href":"https:\/\/www.europesays.com\/pt\/wp-json\/wp\/v2\/users\/2"}],"replies":[{"embeddable":true,"href":"https:\/\/www.europesays.com\/pt\/wp-json\/wp\/v2\/comments?post=213791"}],"version-history":[{"count":0,"href":"https:\/\/www.europesays.com\/pt\/wp-json\/wp\/v2\/posts\/213791\/revisions"}],"wp:featuredmedia":[{"embeddable":true,"href":"https:\/\/www.europesays.com\/pt\/wp-json\/wp\/v2\/media\/213792"}],"wp:attachment":[{"href":"https:\/\/www.europesays.com\/pt\/wp-json\/wp\/v2\/media?parent=213791"}],"wp:term":[{"taxonomy":"category","embeddable":true,"href":"https:\/\/www.europesays.com\/pt\/wp-json\/wp\/v2\/categories?post=213791"},{"taxonomy":"post_tag","embeddable":true,"href":"https:\/\/www.europesays.com\/pt\/wp-json\/wp\/v2\/tags?post=213791"}],"curies":[{"name":"wp","href":"https:\/\/api.w.org\/{rel}","templated":true}]}}