{"id":213886,"date":"2026-01-03T22:02:09","date_gmt":"2026-01-03T22:02:09","guid":{"rendered":"https:\/\/www.europesays.com\/pt\/213886\/"},"modified":"2026-01-03T22:02:09","modified_gmt":"2026-01-03T22:02:09","slug":"da-para-perceber-em-foto-inedita-dylan-fonte-e-ines-gama-surgem-juntos-e-detalhe-nos-rostos-chama-a-atencao","status":"publish","type":"post","link":"https:\/\/www.europesays.com\/pt\/213886\/","title":{"rendered":"&#8220;D\u00e1 para perceber&#8221;: em foto in\u00e9dita, Dylan Fonte e In\u00eas Gama surgem juntos&#8230; e detalhe nos rostos chama a aten\u00e7\u00e3o!"},"content":{"rendered":"<p>Desde que saiu de &#8220;<a href=\"https:\/\/tvi.iol.pt\/secretstory\/\" target=\"_blank\" rel=\"nofollow noopener\">Secret Story &#8211; Casa dos Segredos<\/a>&#8221; que <a href=\"https:\/\/selfie.iol.pt\/famosos\/casa-dos-segredos\/ines-gama-surge-com-anel-suspeito-o-melhor-do-mundo\/20260103\/6958ca8dd34e3caad84d0c46\" target=\"_blank\" rel=\"nofollow noopener\">In\u00eas Gama<\/a> tem partilhado alguns registos do respetivo dia a dia.<\/p>\n<p>Desta vez, a jovem publicou uma fotografia &#8211; primeiramente divulgada pelo namorado <a href=\"https:\/\/selfie.iol.pt\/famosos\/dylan-fonte\/dylan-fonte-e-ines-gama-mais-apaixonados-do-que-nunca-juntos\/20260102\/6957f540d34e2bd5c6d5c1ca\" target=\"_blank\" rel=\"nofollow noopener\">Dylan Fonte<\/a> -, na qual o casal posa junto.<\/p>\n<p>&#8220;Pessoal, obrigado a todos pelas mensagens de carinho, \u00e9 imposs\u00edvel agradecer a todos&#8221;, come\u00e7ou por referir o ex-concorrente do reality show da <a href=\"https:\/\/tvi.iol.pt\/\" target=\"_blank\" rel=\"nofollow noopener\">TVI<\/a>.<\/p>\n<p>De seguida, Dylan Fonte informou: &#8220;Tir\u00e1mos uns dias para descansar e, mesmo assim, n\u00e3o descans\u00e1mos nada. D\u00e1 para perceber pelas olheiras.&#8221;<\/p>\n<p>&#8220;Em breve, voltamos ao ativo&#8221;, garantiu ainda.<\/p>\n<p>Veja, agora, algumas das melhores imagens de In\u00eas Gama e Dylan Fonte nas galerias de fotografias que prepar\u00e1mos para si.<\/p>\n<p><img decoding=\"async\" alt=\"\" onclick=\"\" src=\"https:\/\/www.europesays.com\/pt\/wp-content\/uploads\/2026\/01\/1767477729_750_1024.jpeg\" title=\"Dylan Fonte\"\/><\/p>\n","protected":false},"excerpt":{"rendered":"Desde que saiu de &#8220;Secret Story &#8211; Casa dos Segredos&#8221; que In\u00eas Gama tem partilhado alguns registos do&hellip;\n","protected":false},"author":2,"featured_media":176108,"comment_status":"","ping_status":"","sticky":false,"template":"","format":"standard","meta":{"footnotes":""},"categories":[145],"tags":[2632,211,210,21040,114,115,980,25393,1015,619,32,33,1014,1315,1012,162],"class_list":{"0":"post-213886","1":"post","2":"type-post","3":"status-publish","4":"format-standard","5":"has-post-thumbnail","7":"category-celebridades","8":"tag-casa-dos-segredos","9":"tag-celebridades","10":"tag-celebrities","11":"tag-dylan-fonte","12":"tag-entertainment","13":"tag-entretenimento","14":"tag-famosos","15":"tag-ines-gama","16":"tag-instagram","17":"tag-nacional","18":"tag-portugal","19":"tag-pt","20":"tag-reality-show","21":"tag-secret-story","22":"tag-selfie","23":"tag-tvi"},"share_on_mastodon":{"url":"","error":""},"_links":{"self":[{"href":"https:\/\/www.europesays.com\/pt\/wp-json\/wp\/v2\/posts\/213886","targetHints":{"allow":["GET"]}}],"collection":[{"href":"https:\/\/www.europesays.com\/pt\/wp-json\/wp\/v2\/posts"}],"about":[{"href":"https:\/\/www.europesays.com\/pt\/wp-json\/wp\/v2\/types\/post"}],"author":[{"embeddable":true,"href":"https:\/\/www.europesays.com\/pt\/wp-json\/wp\/v2\/users\/2"}],"replies":[{"embeddable":true,"href":"https:\/\/www.europesays.com\/pt\/wp-json\/wp\/v2\/comments?post=213886"}],"version-history":[{"count":0,"href":"https:\/\/www.europesays.com\/pt\/wp-json\/wp\/v2\/posts\/213886\/revisions"}],"wp:featuredmedia":[{"embeddable":true,"href":"https:\/\/www.europesays.com\/pt\/wp-json\/wp\/v2\/media\/176108"}],"wp:attachment":[{"href":"https:\/\/www.europesays.com\/pt\/wp-json\/wp\/v2\/media?parent=213886"}],"wp:term":[{"taxonomy":"category","embeddable":true,"href":"https:\/\/www.europesays.com\/pt\/wp-json\/wp\/v2\/categories?post=213886"},{"taxonomy":"post_tag","embeddable":true,"href":"https:\/\/www.europesays.com\/pt\/wp-json\/wp\/v2\/tags?post=213886"}],"curies":[{"name":"wp","href":"https:\/\/api.w.org\/{rel}","templated":true}]}}