{"id":213889,"date":"2026-01-03T22:06:15","date_gmt":"2026-01-03T22:06:15","guid":{"rendered":"https:\/\/www.europesays.com\/pt\/213889\/"},"modified":"2026-01-03T22:06:15","modified_gmt":"2026-01-03T22:06:15","slug":"madonna-compartilha-foto-com-os-filhos-durante-viagem-para-marrocos","status":"publish","type":"post","link":"https:\/\/www.europesays.com\/pt\/213889\/","title":{"rendered":"Madonna compartilha foto com os filhos durante viagem para Marrocos"},"content":{"rendered":"<p>Atualmente, Madonna est\u00e1 curtindo uns dias em fam\u00edlia em Marrocos, e tem compartilhado diversos momentos especiais em suas redes sociais.<\/p>\n<p>Na \u00faltima quarta-feira, dia 31, a cantora publicou em sua conta no Instagram <a target=\"_blank\" href=\"https:\/\/www.estrelando.com.br\/foto\/2024\/10\/14\/conheca-melhor-a-familia-de-madonna-(e-seus-seis-filhos)-209480\" rel=\"nofollow noopener\">diversas fotos da viagem<\/a> e surgiu com alguns de seus seis filhos.\u00a0Nas imagens, Madonna surgiu usando um enorme casaco de pele e um chap\u00e9u de pele, posando pela cidade.<\/p>\n<p>Seus filhos Rocco, de 25 anos de idade, David, de 20 anos de idade, Mercy, de 19, e as g\u00eameas Stella e Estere, de 13 anos de idade, aparecem curtindo as f\u00e9rias em fam\u00edlia com a m\u00e3e. Quem n\u00e3o apareceu nas fotos <a target=\"_blank\" href=\"https:\/\/www.estrelando.com.br\/nota\/2025\/09\/18\/novo-album-madonna-anuncia-lancamento-de-parte-dois-de-confessions-on-a-dance-floor-para-2026-313920\" rel=\"nofollow noopener\">foi a filha mais velha<\/a> de Madonna, Lourdes, de 29 anos de idade.<\/p>\n<p>F\u00e9rias no Marrocos, <a target=\"_blank\" href=\"https:\/\/www.estrelando.com.br\/nota\/2025\/08\/26\/madonna-faz-aniversario-das-filhas-gemeas-virar-competicao-por-bolo-de-labubu-312474\" rel=\"nofollow noopener\">escreveu a cantora<\/a> na legenda da publica\u00e7\u00e3o.<\/p>\n<blockquote class=\"instagram-media\" data-instgrm-permalink=\"https:\/\/www.instagram.com\/p\/DS5vv2QEnZs\/?utm_source=ig_embed&amp;utm_campaign=loading\" data-instgrm-version=\"13\"\/><p>\n\t\t\t\t\t\t<script async src=\"\/\/www.instagram.com\/embed.js\"><\/script><\/p>\n","protected":false},"excerpt":{"rendered":"Atualmente, Madonna est\u00e1 curtindo uns dias em fam\u00edlia em Marrocos, e tem compartilhado diversos momentos especiais em suas&hellip;\n","protected":false},"author":2,"featured_media":213890,"comment_status":"","ping_status":"","sticky":false,"template":"","format":"standard","meta":{"footnotes":""},"categories":[141],"tags":[211,1902,114,115,1899,980,1905,1650,149,150,13,1898,32,33,1904,1903,1900,1906,941,1901],"class_list":{"0":"post-213889","1":"post","2":"type-post","3":"status-publish","4":"format-standard","5":"has-post-thumbnail","7":"category-musica","8":"tag-celebridades","9":"tag-enquetes","10":"tag-entertainment","11":"tag-entretenimento","12":"tag-estilo","13":"tag-famosos","14":"tag-foruns","15":"tag-fotos","16":"tag-music","17":"tag-musica","18":"tag-noticias","19":"tag-perfis","20":"tag-portugal","21":"tag-pt","22":"tag-quizes","23":"tag-rakings","24":"tag-realities","25":"tag-red-carpet","26":"tag-series","27":"tag-teens"},"share_on_mastodon":{"url":"https:\/\/pubeurope.com\/@pt\/115833443835182961","error":""},"_links":{"self":[{"href":"https:\/\/www.europesays.com\/pt\/wp-json\/wp\/v2\/posts\/213889","targetHints":{"allow":["GET"]}}],"collection":[{"href":"https:\/\/www.europesays.com\/pt\/wp-json\/wp\/v2\/posts"}],"about":[{"href":"https:\/\/www.europesays.com\/pt\/wp-json\/wp\/v2\/types\/post"}],"author":[{"embeddable":true,"href":"https:\/\/www.europesays.com\/pt\/wp-json\/wp\/v2\/users\/2"}],"replies":[{"embeddable":true,"href":"https:\/\/www.europesays.com\/pt\/wp-json\/wp\/v2\/comments?post=213889"}],"version-history":[{"count":0,"href":"https:\/\/www.europesays.com\/pt\/wp-json\/wp\/v2\/posts\/213889\/revisions"}],"wp:featuredmedia":[{"embeddable":true,"href":"https:\/\/www.europesays.com\/pt\/wp-json\/wp\/v2\/media\/213890"}],"wp:attachment":[{"href":"https:\/\/www.europesays.com\/pt\/wp-json\/wp\/v2\/media?parent=213889"}],"wp:term":[{"taxonomy":"category","embeddable":true,"href":"https:\/\/www.europesays.com\/pt\/wp-json\/wp\/v2\/categories?post=213889"},{"taxonomy":"post_tag","embeddable":true,"href":"https:\/\/www.europesays.com\/pt\/wp-json\/wp\/v2\/tags?post=213889"}],"curies":[{"name":"wp","href":"https:\/\/api.w.org\/{rel}","templated":true}]}}