{"id":213891,"date":"2026-01-03T22:07:11","date_gmt":"2026-01-03T22:07:11","guid":{"rendered":"https:\/\/www.europesays.com\/pt\/213891\/"},"modified":"2026-01-03T22:07:11","modified_gmt":"2026-01-03T22:07:11","slug":"homem-do-amanha-james-gunn-confirma-retorno-da-designer-de-producao-de-superman","status":"publish","type":"post","link":"https:\/\/www.europesays.com\/pt\/213891\/","title":{"rendered":"Homem do Amanh\u00e3 | James Gunn confirma retorno da designer de produ\u00e7\u00e3o de Superman"},"content":{"rendered":"<p class=\"wp-block-yoast-seo-estimated-reading-time yoast-reading-time__wrapper\">Estimated reading time: 2 minutos<\/p>\n<p>A equipe criativa do novo <strong>Universo DC<\/strong> continua tomando forma. Em entrevista \u00e0 <a href=\"https:\/\/variety.com\/2026\/film\/awards\/james-gunn-superman-prestige-projects-dc-studios-future-1236621830\/\" target=\"_blank\" rel=\"noreferrer noopener nofollow\">Variety<\/a>, o diretor e co-CEO da <strong>DC Studios<\/strong>, <a href=\"https:\/\/ovicio.com.br\/tag\/James-Gunn\/\" rel=\"nofollow noopener\" target=\"_blank\">James Gunn<\/a>, confirmou que a designer de produ\u00e7\u00e3o <strong>Beth Mickle<\/strong> retornar\u00e1 para trabalhar na sequ\u00eancia de <a href=\"https:\/\/ovicio.com.br\/tag\/Superman\/\" rel=\"nofollow noopener\" target=\"_blank\">Superman<\/a> (2025), intitulada <a href=\"https:\/\/ovicio.com.br\/tag\/homem-do-amanha\/\" rel=\"nofollow noopener\" target=\"_blank\">Homem do Amanh\u00e3<\/a>.<\/p>\n<p>Esta marcar\u00e1 a quarta colabora\u00e7\u00e3o consecutiva entre Mickle e Gunn, consolidando uma parceria que j\u00e1 passou por O Esquadr\u00e3o Suicida (2021) e Guardi\u00f5es da Gal\u00e1xia Vol. 3 (2023).<\/p>\n<p>A trama de <strong>Homem do Amanh\u00e3<\/strong> promete uma din\u00e2mica interessante, unindo o <strong>Superman<\/strong> (David Corenswet) e <strong>Lex Luthor<\/strong> (Nicholas Hoult) contra uma amea\u00e7a comum: <strong>Brainiac<\/strong>. O vil\u00e3o alien\u00edgena ser\u00e1 interpretado pelo ator alem\u00e3o <strong>Lars Eidinger<\/strong>.<\/p>\n<p>A produ\u00e7\u00e3o do longa deve come\u00e7ar em meados de abril.<\/p>\n<p><strong>Homem do Amanh\u00e3<\/strong> tem estreia agendada nos cinemas do Brasil para <strong>8 de julho de 2027<\/strong>.<\/p>\n<p>Leia tamb\u00e9m sobre Homem do Amanh\u00e3:<\/p>\n","protected":false},"excerpt":{"rendered":"Estimated reading time: 2 minutos A equipe criativa do novo Universo DC continua tomando forma. Em entrevista \u00e0&hellip;\n","protected":false},"author":2,"featured_media":213892,"comment_status":"","ping_status":"","sticky":false,"template":"","format":"standard","meta":{"footnotes":""},"categories":[140],"tags":[7319,114,115,147,148,16366,7320,146,32,33,1248],"class_list":{"0":"post-213891","1":"post","2":"type-post","3":"status-publish","4":"format-standard","5":"has-post-thumbnail","7":"category-filmes","8":"tag-dc-studios","9":"tag-entertainment","10":"tag-entretenimento","11":"tag-film","12":"tag-filmes","13":"tag-homem-do-amanha","14":"tag-james-gunn","15":"tag-movies","16":"tag-portugal","17":"tag-pt","18":"tag-superman"},"share_on_mastodon":{"url":"https:\/\/pubeurope.com\/@pt\/115833447625474032","error":""},"_links":{"self":[{"href":"https:\/\/www.europesays.com\/pt\/wp-json\/wp\/v2\/posts\/213891","targetHints":{"allow":["GET"]}}],"collection":[{"href":"https:\/\/www.europesays.com\/pt\/wp-json\/wp\/v2\/posts"}],"about":[{"href":"https:\/\/www.europesays.com\/pt\/wp-json\/wp\/v2\/types\/post"}],"author":[{"embeddable":true,"href":"https:\/\/www.europesays.com\/pt\/wp-json\/wp\/v2\/users\/2"}],"replies":[{"embeddable":true,"href":"https:\/\/www.europesays.com\/pt\/wp-json\/wp\/v2\/comments?post=213891"}],"version-history":[{"count":0,"href":"https:\/\/www.europesays.com\/pt\/wp-json\/wp\/v2\/posts\/213891\/revisions"}],"wp:featuredmedia":[{"embeddable":true,"href":"https:\/\/www.europesays.com\/pt\/wp-json\/wp\/v2\/media\/213892"}],"wp:attachment":[{"href":"https:\/\/www.europesays.com\/pt\/wp-json\/wp\/v2\/media?parent=213891"}],"wp:term":[{"taxonomy":"category","embeddable":true,"href":"https:\/\/www.europesays.com\/pt\/wp-json\/wp\/v2\/categories?post=213891"},{"taxonomy":"post_tag","embeddable":true,"href":"https:\/\/www.europesays.com\/pt\/wp-json\/wp\/v2\/tags?post=213891"}],"curies":[{"name":"wp","href":"https:\/\/api.w.org\/{rel}","templated":true}]}}