{"id":213956,"date":"2026-01-03T23:16:14","date_gmt":"2026-01-03T23:16:14","guid":{"rendered":"https:\/\/www.europesays.com\/pt\/213956\/"},"modified":"2026-01-03T23:16:14","modified_gmt":"2026-01-03T23:16:14","slug":"nao-esta-entrosada-no-grupo","status":"publish","type":"post","link":"https:\/\/www.europesays.com\/pt\/213956\/","title":{"rendered":"\u201cN\u00e3o est\u00e1 entrosada no grupo\u2026\u201d"},"content":{"rendered":"<p>Alice Alves apresentou este s\u00e1bado, dia 3 de janeiro, o \u2018Di\u00e1rio\u2019 do programa 1\u00aa Companhia, na TVI.<\/p>\n<p>Durante a emiss\u00e3o, Gon\u00e7alo Quinaz comentou a postura de Sara Santos:<strong> \u201cA Cinha disse que acha que a Sara n\u00e3o est\u00e1 entrosada no grupo. Eu acho que o problema n\u00e3o \u00e9 ela n\u00e3o estar entrosada no grupo, porque, de facto, ela est\u00e1. Eu acho que a distra\u00e7\u00e3o dela, a falta de capacidade de entender as coisas, tem a ver com o sistema nervoso. Acho que ela est\u00e1 mesmo nervosa\u201d<\/strong>.<\/p>\n<p>O comentador revelou depois:<strong> \u201cSe eu acho que h\u00e1 aqui algu\u00e9m que, neste momento, n\u00e3o est\u00e1 entrosada no grupo e cada vez mais \u00e0 parte, \u00e9 a No\u00e9lia Pereira. E n\u00e3o digo que, neste momento, seja culpa de todos os outros recrutas, tem a ver um bocadinho com aquilo que tem sido o comportamento dela desde que entrou. E aten\u00e7\u00e3o que eu gosto da No\u00e9lia\u201d<\/strong>.<\/p>\n","protected":false},"excerpt":{"rendered":"Alice Alves apresentou este s\u00e1bado, dia 3 de janeiro, o \u2018Di\u00e1rio\u2019 do programa 1\u00aa Companhia, na TVI. Durante&hellip;\n","protected":false},"author":2,"featured_media":213957,"comment_status":"","ping_status":"","sticky":false,"template":"","format":"standard","meta":{"footnotes":""},"categories":[142],"tags":[41804,114,115,25453,3576,32,33,151],"class_list":{"0":"post-213956","1":"post","2":"type-post","3":"status-publish","4":"format-standard","5":"has-post-thumbnail","7":"category-tv","8":"tag-1u00aa-companhia","9":"tag-entertainment","10":"tag-entretenimento","11":"tag-gonu00e7alo-quinaz","12":"tag-noelia-pereira","13":"tag-portugal","14":"tag-pt","15":"tag-tv"},"share_on_mastodon":{"url":"https:\/\/pubeurope.com\/@pt\/115833718840712001","error":""},"_links":{"self":[{"href":"https:\/\/www.europesays.com\/pt\/wp-json\/wp\/v2\/posts\/213956","targetHints":{"allow":["GET"]}}],"collection":[{"href":"https:\/\/www.europesays.com\/pt\/wp-json\/wp\/v2\/posts"}],"about":[{"href":"https:\/\/www.europesays.com\/pt\/wp-json\/wp\/v2\/types\/post"}],"author":[{"embeddable":true,"href":"https:\/\/www.europesays.com\/pt\/wp-json\/wp\/v2\/users\/2"}],"replies":[{"embeddable":true,"href":"https:\/\/www.europesays.com\/pt\/wp-json\/wp\/v2\/comments?post=213956"}],"version-history":[{"count":0,"href":"https:\/\/www.europesays.com\/pt\/wp-json\/wp\/v2\/posts\/213956\/revisions"}],"wp:featuredmedia":[{"embeddable":true,"href":"https:\/\/www.europesays.com\/pt\/wp-json\/wp\/v2\/media\/213957"}],"wp:attachment":[{"href":"https:\/\/www.europesays.com\/pt\/wp-json\/wp\/v2\/media?parent=213956"}],"wp:term":[{"taxonomy":"category","embeddable":true,"href":"https:\/\/www.europesays.com\/pt\/wp-json\/wp\/v2\/categories?post=213956"},{"taxonomy":"post_tag","embeddable":true,"href":"https:\/\/www.europesays.com\/pt\/wp-json\/wp\/v2\/tags?post=213956"}],"curies":[{"name":"wp","href":"https:\/\/api.w.org\/{rel}","templated":true}]}}