{"id":213995,"date":"2026-01-03T23:55:11","date_gmt":"2026-01-03T23:55:11","guid":{"rendered":"https:\/\/www.europesays.com\/pt\/213995\/"},"modified":"2026-01-03T23:55:11","modified_gmt":"2026-01-03T23:55:11","slug":"venezuela-rangel-classifica-as-intencoes-norte-americanas-como-benignas-ataque-a-venezuela","status":"publish","type":"post","link":"https:\/\/www.europesays.com\/pt\/213995\/","title":{"rendered":"Venezuela: Rangel classifica as \u201cinten\u00e7\u00f5es\u201d norte-americanas como \u201cbenignas\u201d | Ataque \u00e0 Venezuela"},"content":{"rendered":"<p>Sem condena\u00e7\u00f5es, o primeiro-ministro defendeu neste s\u00e1bado que os Estados Unidos da Am\u00e9rica (EUA), que <a href=\"https:\/\/www.publico.pt\/2026\/01\/03\/mundo\/noticia\/eua-atacam-venezuela-capturam-maduro-droga-mortes-petroleiros-dois-pontos-entender-conflito-2159959\" rel=\"nofollow noopener\" target=\"_blank\">atacaram a Venezuela<\/a> e capturaram o presidente Nicol\u00e1s Maduro, est\u00e3o a promover uma &#8220;transi\u00e7\u00e3o est\u00e1vel&#8221; no pa\u00eds. Secundando a posi\u00e7\u00e3o de Lu\u00eds Montenegro, o ministro dos Neg\u00f3cios Estrangeiros v\u00ea a situa\u00e7\u00e3o como &#8220;uma oportunidade de a Venezuela regressar ao trilho democr\u00e1tico&#8221; e classifica as &#8220;inten\u00e7\u00f5es&#8221; norte-americanas como &#8220;benignas&#8221;.<\/p>\n<p>Ap\u00f3s uma reuni\u00e3o com o Presidente da Rep\u00fablica, Marcelo Rebelo de Sousa, e o ministro dos Neg\u00f3cios Estrangeiros, Paulo Rangel, o primeiro-ministro reiterou estar a &#8220;<a href=\"https:\/\/www.publico.pt\/2026\/01\/03\/politica\/noticia\/venezuela-governo-garante-portugueses-estao-bem-pede-reducao-tensoes-2159970\" rel=\"nofollow noopener\" target=\"_blank\">acompanhar em perman\u00eancia<\/a> e desde o primeiro momento a situa\u00e7\u00e3o na Venezuela, com aten\u00e7\u00e3o particular \u00e0 seguran\u00e7a e ao bem-estar&#8221; da comunidade&#8221; portuguesa.<\/p>\n<p>&#8220;A embaixada de Portugal em Caracas e a rede consular no pa\u00eds est\u00e3o plenamente mobilizadas para acompanhar os nossos concidad\u00e3os&#8221;, assegurou, numa <a href=\"https:\/\/x.com\/LMontenegro_PT\/status\/2007523620684280222\" rel=\"nofollow\">publica\u00e7\u00e3o<\/a> no X, em que se mostrou focado no &#8220;futuro e no restabelecimento de uma democracia plena onde os venezuelanos escolham livremente o seu futuro&#8221;.<\/p>\n<p>Sublinhando que Portugal n\u00e3o reconheceu &#8220;os resultados das <a href=\"https:\/\/www.publico.pt\/2025\/05\/26\/mundo\/noticia\/maduro-mantem-lideranca-venezuela-apos-boicote-oposicao-eleicoes-2134325\" rel=\"nofollow noopener\" target=\"_blank\">elei\u00e7\u00f5es [presidenciais] de 2024<\/a>&#8221; da Venezuela, o l\u00edder do Governo disse tomar &#8220;nota das <a href=\"https:\/\/www.publico.pt\/2026\/01\/03\/mundo\/noticia\/eua-vao-dirigir-venezuela-ate-transicao-segura-abrir-porta-petroliferas-americanas-2160000?ref=hp&amp;cx=bloco_1_destaque_video_vertical_0\" rel=\"nofollow noopener\" target=\"_blank\">declara\u00e7\u00f5es e garantias<\/a> do Presidente Donald Trump&#8221; e constatar &#8220;o papel dos EUA na promo\u00e7\u00e3o de uma transi\u00e7\u00e3o est\u00e1vel, pac\u00edfica, democr\u00e1tica e inclusiva na Venezuela com a maior brevidade poss\u00edvel&#8221;.<\/p>\n<p>        &#13;<\/p>\n<p>&#13;<br \/>\n                &#13;\n            <\/p>\n<p>&#13;<\/p>\n<p>Por sua vez, Paulo Rangel disse querer contribuir para que se &#8220;avance rapidamente&#8221; com uma &#8220;transi\u00e7\u00e3o democr\u00e1tica na Venezuela&#8221;, defendendo que a nomea\u00e7\u00e3o de <a href=\"https:\/\/www.publico.pt\/2024\/11\/27\/mundo\/noticia\/venezuela-g7-reconhece-vitoria-gonzalez-embaixada-argentina-cercada-2113591?ref=edmundo-gonzalez-urrutia&amp;cx=page__content\" rel=\"nofollow noopener\" target=\"_blank\">Edmundo Gonz\u00e1lez<\/a> como Presidente, &#8220;a prazo, \u00e9 a solu\u00e7\u00e3o aceit\u00e1vel e prefer\u00edvel&#8221;.<\/p>\n<p>Numa declara\u00e7\u00e3o aos jornalistas no Pal\u00e1cio das Necessidades, o ministro de Estado vincou que a &#8220;primeira preocupa\u00e7\u00e3o&#8221; do Governo \u00e9 &#8220;a comunidade portuguesa&#8221; na Venezuela, que considerou ter &#8220;sofrido muito&#8221; com as &#8220;ditaduras&#8221; de Hugo Ch\u00e1vez e Nicol\u00e1s Maduro.<\/p>\n<p>O governante destacou que os portugueses em solo venezuelano mantiveram &#8220;grande serenidade, maturidade e expectativa&#8221; durante o <a href=\"https:\/\/www.publico.pt\/2026\/01\/03\/mundo\/noticia\/venezuela-dificil-ouvir-avioes-passar-sabemos-nao-filme-portugues-2159962\" rel=\"nofollow noopener\" target=\"_blank\">ataque dos EUA<\/a>. E defendeu que, &#8220;para muitos&#8221;, o dia de hoje &#8220;representa, apesar da incerteza desta hora e dos pr\u00f3ximos dias, uma oportunidade de a Venezuela regressar ao trilho democr\u00e1tico&#8221;.<\/p>\n<p>N\u00e3o h\u00e1 feridos nem danos patrimoniais<\/p>\n<p>Assegurando que o Estado est\u00e1 a &#8220;dar assist\u00eancia&#8221; aos portugueses, o ministro deu ainda conta de que &#8220;n\u00e3o h\u00e1 registo&#8221; de feridos e danos patrimoniais. Mas, apesar disso, e de considerar que a situa\u00e7\u00e3o em Caracas n\u00e3o parece &#8220;muito complexa&#8221;, recomendou &#8220;cautela e prud\u00eancia&#8221;.<\/p>\n<p>Olhando para o futuro, Paulo Rangel considerou que Portugal deve &#8220;acautelar o interesse da <a href=\"https:\/\/www.publico.pt\/2026\/01\/03\/mundo\/noticia\/portugueses-venezuela-continuam-vistos-comunidades-integradas-pais-2159990\" rel=\"nofollow noopener\" target=\"_blank\">comunidade portuguesa<\/a>&#8220;, mas tamb\u00e9m de &#8220;trabalhar com os parceiros internacionais para construir uma solu\u00e7\u00e3o democr\u00e1tica, est\u00e1vel, que possa devolver prosperidade e tranquilidade a Venezuela&#8221;.<\/p>\n<p>Recusando que o actual presidente venezuelano possa regressar \u00e0 lideran\u00e7a do pa\u00eds, apontou a nomea\u00e7\u00e3o de Edmundo Gonz\u00e1lez, <a href=\"https:\/\/www.publico.pt\/2024\/08\/15\/mundo\/noticia\/ancorado-relatorio-onu-edmundo-gonzalez-volta-pedir-respeito-vontade-povo-venezuelano-2100902\" rel=\"nofollow noopener\" target=\"_blank\">opositor<\/a> de Maduro que alega ter vencido as elei\u00e7\u00f5es presidenciais de 2024, como essa solu\u00e7\u00e3o.<\/p>\n<p>Questionado sobre se reconhece a legitimidade do ataque dos EUA, o governante n\u00e3o respondeu directamente. Sinalizou apenas que h\u00e1 quem defenda que a agress\u00e3o \u00e9 &#8220;<a href=\"https:\/\/www.publico.pt\/2026\/01\/03\/mundo\/noticia\/ataque-eua-venezuela-crime-agressao-internacional-2159964\" rel=\"nofollow noopener\" target=\"_blank\">n\u00e3o conforme ao direito internacional<\/a>&#8221; e quem sustente que &#8220;pode haver um grau de legitima\u00e7\u00e3o&#8221;, tendo em conta a &#8220;ilegitimidade de Nicol\u00e1s Maduro&#8221; enquanto presidente. Ainda assim, argumentou que as &#8220;inten\u00e7\u00f5es&#8221; dos EUA foram &#8220;benignas&#8221;.<\/p>\n<p>O ministro dos Neg\u00f3cios Estrangeiros pediu tamb\u00e9m a liberta\u00e7\u00e3o dos cinco presos pol\u00edticos luso venezuelanos.<\/p>\n","protected":false},"excerpt":{"rendered":"Sem condena\u00e7\u00f5es, o primeiro-ministro defendeu neste s\u00e1bado que os Estados Unidos da Am\u00e9rica (EUA), que atacaram a Venezuela&hellip;\n","protected":false},"author":2,"featured_media":213996,"comment_status":"","ping_status":"","sticky":false,"template":"","format":"standard","meta":{"footnotes":""},"categories":[8],"tags":[41703,27,28,7618,15,16,301,14,25,26,1447,21,22,12,13,19,20,638,52,32,23,24,33,17,18,29,30,31,3023],"class_list":{"0":"post-213995","1":"post","2":"type-post","3":"status-publish","4":"format-standard","5":"has-post-thumbnail","7":"category-principais-noticias","8":"tag-ataque-a-venezuela","9":"tag-breaking-news","10":"tag-breakingnews","11":"tag-estados-unidos-da-america","12":"tag-featured-news","13":"tag-featurednews","14":"tag-governo","15":"tag-headlines","16":"tag-latest-news","17":"tag-latestnews","18":"tag-luis-montenegro","19":"tag-main-news","20":"tag-mainnews","21":"tag-news","22":"tag-noticias","23":"tag-noticias-principais","24":"tag-noticiasprincipais","25":"tag-paulo-rangel","26":"tag-politica","27":"tag-portugal","28":"tag-principais-noticias","29":"tag-principaisnoticias","30":"tag-pt","31":"tag-top-stories","32":"tag-topstories","33":"tag-ultimas","34":"tag-ultimas-noticias","35":"tag-ultimasnoticias","36":"tag-venezuela"},"share_on_mastodon":{"url":"","error":"Validation failed: Text character limit of 500 exceeded"},"_links":{"self":[{"href":"https:\/\/www.europesays.com\/pt\/wp-json\/wp\/v2\/posts\/213995","targetHints":{"allow":["GET"]}}],"collection":[{"href":"https:\/\/www.europesays.com\/pt\/wp-json\/wp\/v2\/posts"}],"about":[{"href":"https:\/\/www.europesays.com\/pt\/wp-json\/wp\/v2\/types\/post"}],"author":[{"embeddable":true,"href":"https:\/\/www.europesays.com\/pt\/wp-json\/wp\/v2\/users\/2"}],"replies":[{"embeddable":true,"href":"https:\/\/www.europesays.com\/pt\/wp-json\/wp\/v2\/comments?post=213995"}],"version-history":[{"count":0,"href":"https:\/\/www.europesays.com\/pt\/wp-json\/wp\/v2\/posts\/213995\/revisions"}],"wp:featuredmedia":[{"embeddable":true,"href":"https:\/\/www.europesays.com\/pt\/wp-json\/wp\/v2\/media\/213996"}],"wp:attachment":[{"href":"https:\/\/www.europesays.com\/pt\/wp-json\/wp\/v2\/media?parent=213995"}],"wp:term":[{"taxonomy":"category","embeddable":true,"href":"https:\/\/www.europesays.com\/pt\/wp-json\/wp\/v2\/categories?post=213995"},{"taxonomy":"post_tag","embeddable":true,"href":"https:\/\/www.europesays.com\/pt\/wp-json\/wp\/v2\/tags?post=213995"}],"curies":[{"name":"wp","href":"https:\/\/api.w.org\/{rel}","templated":true}]}}