{"id":213999,"date":"2026-01-04T00:01:39","date_gmt":"2026-01-04T00:01:39","guid":{"rendered":"https:\/\/www.europesays.com\/pt\/213999\/"},"modified":"2026-01-04T00:01:39","modified_gmt":"2026-01-04T00:01:39","slug":"novo-filme-de-tron-com-jared-leto-ja-tem-data-de-estreia-no-streaming-nit","status":"publish","type":"post","link":"https:\/\/www.europesays.com\/pt\/213999\/","title":{"rendered":"Novo filme de \u201cTron\u201d com Jared Leto j\u00e1 tem data de estreia no streaming \u2014 NiT"},"content":{"rendered":"<p>O terceiro <a href=\"https:\/\/www.imdb.com\/title\/tt6604188\/?ref_=nv_sr_srsg_1_tt_4_nm_3_in_0_q_tron%2520ares\" target=\"_blank\" rel=\"nofollow noopener\">cap\u00edtulo<\/a> de \u201cTron\u201d chegou em outubro com Jared Leto no papel principal e um programa de Intelig\u00eancia Artificial que atravessa a barreira entre o digital e o mundo real. A premissa era intrigante, mas n\u00e3o foi o suficiente para encher as salas de cinema pelo mundo ou agradar \u00e0 cr\u00edtica. Esta ter\u00e7a-feira, 30 de dezembro, a Disney+ revelou que a obra vai chegar ao cat\u00e1logo da plataforma de streaming a 7 de janeiro.<\/p>\n<p>O filme de fic\u00e7\u00e3o cient\u00edfica \u00e9 o terceiro da saga, depois do original de 1982 e da sequela de 2010, \u201cTron: O Legado\u201d. A hist\u00f3ria centra-se numa poderosa entidade de IA chamada Ares, que viaja do programa digital hom\u00f3nimo para o mundo real. Jared Leto interpreta a IA personificada, ao lado de Greta Lee, Evan Peters, Jodie Turner-Smith, Hasan Minhaj, Arturo Castro, Gillian Anderson e Jeff Bridges, que regressa ao papel do protagonista Kevin Flynn, j\u00e1 presente nos dois filmes anteriores. A realiza\u00e7\u00e3o ficou a cargo de Joachim R\u00f8nning.<\/p>\n<p>A Disney estreou \u201cTron: Ares\u201d nos cinemas a 10 de outubro de 2025. O filme arrecadou cerca de 55,8 milh\u00f5es de euros no fim de semana de estreia a n\u00edvel mundial e foi o mais visto nessa altura. No entanto, teve uma queda acentuada na segunda semana, perdendo o primeiro lugar para a sequela de \u201cO Telefone Negro\u201d.<\/p>\n<p>No total, a produ\u00e7\u00e3o liderada por Jared Leto somou cerca de 132 milh\u00f5es de euros nas bilheteiras mundiais, ficando muito aqu\u00e9m de \u201cTron: O Legado\u201d, que tinha arrecadado cerca de 372 milh\u00f5es de euros 15 anos antes.<\/p>\n<p>J\u00e1 O \u201cTron\u201d original, realizado por Steven Lisberger, arrecadou cerca de 46,5 milh\u00f5es de euros em 1982. Apesar de ter recebido cr\u00edticas mistas, foi um filme pioneiro nos efeitos visuais, ao apostar numa est\u00e9tica \u00fanica que combinava imagem real, anima\u00e7\u00e3o retroiluminada, rotoscopia e os primeiros efeitos de CGI. As sequelas abandonaram o visual singular do original em favor de efeitos digitais mais contempor\u00e2neos.<\/p>\n<p>Al\u00e9m de \u201cTron: O Legado\u201d e \u201cTron: Ares\u201d, o universo \u201cTron\u201d deu origem \u00e0 s\u00e9rie de anima\u00e7\u00e3o de 2012 \u201cTron: Uprising\u201d, exibida no canal norte-americano Disney XD durante duas temporadas. Aproveite e leia a <a href=\"https:\/\/www.nit.pt\/cultura\/cinema\/jared-leto-em-tron-senti-que-nao-estava-fazer-o-meu-trabalho-enquanto-ator\" rel=\"nofollow noopener\" target=\"_blank\">entrevista<\/a> da NiT a Jared Leto.<\/p>\n<p>Carregue tamb\u00e9m na galeria para conhecer alguns dos filmes que chegaram ao streaming em dezembro.<\/p>\n","protected":false},"excerpt":{"rendered":"O terceiro cap\u00edtulo de \u201cTron\u201d chegou em outubro com Jared Leto no papel principal e um programa de&hellip;\n","protected":false},"author":2,"featured_media":214000,"comment_status":"","ping_status":"","sticky":false,"template":"","format":"standard","meta":{"footnotes":""},"categories":[140],"tags":[114,115,147,148,146,32,33],"class_list":{"0":"post-213999","1":"post","2":"type-post","3":"status-publish","4":"format-standard","5":"has-post-thumbnail","7":"category-filmes","8":"tag-entertainment","9":"tag-entretenimento","10":"tag-film","11":"tag-filmes","12":"tag-movies","13":"tag-portugal","14":"tag-pt"},"share_on_mastodon":{"url":"https:\/\/pubeurope.com\/@pt\/115833895960136534","error":""},"_links":{"self":[{"href":"https:\/\/www.europesays.com\/pt\/wp-json\/wp\/v2\/posts\/213999","targetHints":{"allow":["GET"]}}],"collection":[{"href":"https:\/\/www.europesays.com\/pt\/wp-json\/wp\/v2\/posts"}],"about":[{"href":"https:\/\/www.europesays.com\/pt\/wp-json\/wp\/v2\/types\/post"}],"author":[{"embeddable":true,"href":"https:\/\/www.europesays.com\/pt\/wp-json\/wp\/v2\/users\/2"}],"replies":[{"embeddable":true,"href":"https:\/\/www.europesays.com\/pt\/wp-json\/wp\/v2\/comments?post=213999"}],"version-history":[{"count":0,"href":"https:\/\/www.europesays.com\/pt\/wp-json\/wp\/v2\/posts\/213999\/revisions"}],"wp:featuredmedia":[{"embeddable":true,"href":"https:\/\/www.europesays.com\/pt\/wp-json\/wp\/v2\/media\/214000"}],"wp:attachment":[{"href":"https:\/\/www.europesays.com\/pt\/wp-json\/wp\/v2\/media?parent=213999"}],"wp:term":[{"taxonomy":"category","embeddable":true,"href":"https:\/\/www.europesays.com\/pt\/wp-json\/wp\/v2\/categories?post=213999"},{"taxonomy":"post_tag","embeddable":true,"href":"https:\/\/www.europesays.com\/pt\/wp-json\/wp\/v2\/tags?post=213999"}],"curies":[{"name":"wp","href":"https:\/\/api.w.org\/{rel}","templated":true}]}}