{"id":214041,"date":"2026-01-04T01:07:10","date_gmt":"2026-01-04T01:07:10","guid":{"rendered":"https:\/\/www.europesays.com\/pt\/214041\/"},"modified":"2026-01-04T01:07:10","modified_gmt":"2026-01-04T01:07:10","slug":"venezuelana-gaby-spanic-manda-mensagem-de-apoio-ao-pais","status":"publish","type":"post","link":"https:\/\/www.europesays.com\/pt\/214041\/","title":{"rendered":"Venezuelana, Gaby Spanic manda mensagem de apoio ao pa\u00eds"},"content":{"rendered":"<p class=\"my-5 break-words group-[.isActiveSource]:text-xl\">A atriz venezuelana <strong class=\"group-[.isActiveSource]:text-xl group-[.isActiveSource]:font-bold\">Gaby Spanic<\/strong> compartilhou uma mensagem de apoio \u00e0 Venezuela neste s\u00e1bado (3). Em uma publica\u00e7\u00e3o no seu perfil do X, Spanic escreveu um texto desejando a liberdade do povo venezuelano.<\/p>\n<p class=\"my-5 break-words group-[.isActiveSource]:text-xl\">&#8220;Voc\u00ea n\u00e3o precisa ter um partido pol\u00edtico para desejar que a Venezuela seja livre. A liberdade \u00e9 um valor humano, n\u00e3o um r\u00f3tulo ideol\u00f3gico. Querer que um povo viva com dignidade, possa se expressar sem medo, escolher seus governantes, trabalhar, comer, sonhar e ter esperan\u00e7a n\u00e3o \u00e9 ser de direita nem de esquerda, \u00e9 ser humano&#8221;, disse a <a href=\"https:\/\/www.cnnbrasil.com.br\/entretenimento\/brasileira-gaby-spanic-posa-com-novo-cpf-veja\/\" target=\"_blank\" rel=\"noopener noreferrer nofollow\" class=\"text-red-600 underline hover:text-red-500 font-medium break-words group-[.isActiveSource]:text-xl\">atriz<\/a>.<\/p>\n<p class=\"my-5 break-words group-[.isActiveSource]:text-xl\">Ela continuou afirmando que defender a liberdade da Venezuela \u00e9 &#8220;reconhecer o sofrimento de milh\u00f5es de pessoas que enfrentam censura, crise, repress\u00e3o e falta do b\u00e1sico para sobreviver. \u00c9 entender que democracia, direitos humanos e justi\u00e7a social n\u00e3o deveriam ser privil\u00e9gios, mas direitos universais&#8221;.<\/p>\n<p class=\"my-5 break-words group-[.isActiveSource]:text-xl\">E concluiu dizendo que n\u00e3o se trata de torcida pol\u00edtica, trata-se de <strong class=\"group-[.isActiveSource]:text-xl group-[.isActiveSource]:font-bold\">empatia, consci\u00eancia e humanidade<\/strong>. &#8220;Porque quando um povo n\u00e3o \u00e9 livre, todos n\u00f3s, de alguma forma, tamb\u00e9m n\u00e3o somos.&#8221;<\/p>\n<p class=\"my-5 break-words group-[.isActiveSource]:text-xl\">A declara\u00e7\u00e3o acontece no mesmo dia em que\u00a0<a href=\"https:\/\/www.cnnbrasil.com.br\/internacional\/o-que-se-sabe-sobre-ataque-dos-eua-que-capturou-nicolas-maduro-na-venezuela\/\" target=\"_blank\" rel=\"noopener noreferrer nofollow\" class=\"text-red-600 underline hover:text-red-500 font-medium break-words group-[.isActiveSource]:text-xl\"><strong class=\"group-[.isActiveSource]:text-xl group-[.isActiveSource]:font-bold\">os Estados Unidos atacaram a Venezuela e capturaram o presidente Nicol\u00e1s Maduro<\/strong><\/a>. O ditador estava no poder havia d\u00e9cadas.<\/p>\n<p class=\"my-5 break-words group-[.isActiveSource]:text-xl\">Em coletiva de imprensa, Donald Trump disse que<a href=\"https:\/\/www.cnnbrasil.com.br\/internacional\/trump-diz-que-eua-vao-administrar-a-venezuela-apos-captura-de-maduro\/\" target=\"_blank\" rel=\"noopener noreferrer nofollow\" class=\"text-red-600 underline hover:text-red-500 font-medium break-words group-[.isActiveSource]:text-xl\"> vai governar a Venezuela at\u00e9 &#8220;uma transi\u00e7\u00e3o segura, adequada e sensata&#8221;<\/a>. &#8220;N\u00e3o queremos que outra pessoa assuma o poder e que a situa\u00e7\u00e3o se repita h\u00e1 muitos anos. Portanto, vamos governar o pa\u00eds&#8221;, afirmou.<\/p>\n<blockquote class=\"twitter-tweet !mx-auto\">\n<p dir=\"ltr\" lang=\"pt\" class=\"my-5 break-words group-[.isActiveSource]:text-xl\">Voc\u00ea n\u00e3o precisa ter um partido pol\u00edtico para desejar que a Venezuela seja livre. A liberdade \u00e9 um valor humano, n\u00e3o um r\u00f3tulo ideol\u00f3gico. Querer que um povo viva com dignidade, possa se expressar sem medo, escolher seus governantes, trabalhar, comer, sonhar e ter esperan\u00e7a n\u00e3o \u00e9\u2026<\/p>\n<p class=\"my-5 break-words group-[.isActiveSource]:text-xl\">\u2014 Gaby Spanic (@gabyspanic) <a href=\"https:\/\/twitter.com\/gabyspanic\/status\/2007536547411685451?ref_src=twsrc%5Etfw\" class=\"text-red-600 underline hover:text-red-500 font-medium break-words group-[.isActiveSource]:text-xl\" target=\"_blank\" rel=\"noopener noreferrer nofollow\">January 3, 2026<\/a><\/p>\n<\/blockquote>\n<p>Quem \u00e9 Gaby Spanic?<\/p>\n<p class=\"my-5 break-words group-[.isActiveSource]:text-xl\">A artista ganhou fama ao interpretar as irm\u00e3s g\u00eameas Paulina e Paola Bracho em <a href=\"https:\/\/www.cnnbrasil.com.br\/entretenimento\/a-usurpadora-como-estao-os-atores-da-novela-mexicana-apos-27-anos\/\" target=\"_blank\" rel=\"noopener noreferrer nofollow\" class=\"text-red-600 underline hover:text-red-500 font-medium break-words group-[.isActiveSource]:text-xl\">&#8220;A Usurpadora&#8221;<\/a>, novela exibida no Brasil pelo SBT em 1998, e soma algumas pol\u00eamicas na carreira.<\/p>\n<p class=\"my-5 break-words group-[.isActiveSource]:text-xl\">Ela participou do reality show &#8220;A Fazenda 17&#8221;, do qual foi <a href=\"https:\/\/www.cnnbrasil.com.br\/entretenimento\/gaby-spanic-e-expulsa-de-a-fazenda-17-apos-bater-em-peoa\/\" target=\"_blank\" rel=\"noopener noreferrer nofollow\" class=\"text-red-600 underline hover:text-red-500 font-medium break-words group-[.isActiveSource]:text-xl\">expulsa ap\u00f3s dar um tapa no rosto de Tamires Assis<\/a>.<\/p>\n<p class=\"my-5 break-words group-[.isActiveSource]:text-xl\">Ela j\u00e1 havia se envolvido em outras pol\u00eamicas no programa. A venezuelana acusou o pe\u00e3o Fernando Sampaio de <strong class=\"group-[.isActiveSource]:text-xl group-[.isActiveSource]:font-bold\">xenofobia<\/strong>, por exemplo, o que gerou uma grande briga no confinamento.<\/p>\n<p class=\"my-5 break-words group-[.isActiveSource]:text-xl\">&#8220;A Fazenda 17&#8221; marca a segunda participa\u00e7\u00e3o de Spanic em um reality show. Ela estava no elenco de <a href=\"https:\/\/www.cnnbrasil.com.br\/entretenimento\/a-fazenda-gaby-spanic-foi-expulsa-de-reality-equipe-da-atriz-esclarece\/\" target=\"_blank\" rel=\"noopener noreferrer nofollow\" class=\"text-red-600 underline hover:text-red-500 font-medium break-words group-[.isActiveSource]:text-xl\">&#8220;La Casa de Los Famosos&#8221; do M\u00e9xico em 2021<\/a>. Na ocasi\u00e3o, ela <strong class=\"group-[.isActiveSource]:text-xl group-[.isActiveSource]:font-bold\">acusou o ator Pablo Montero de abuso sexual<\/strong>. A situa\u00e7\u00e3o teria ocorrido na \u00e1rea de fumantes do programa, onde n\u00e3o h\u00e1 c\u00e2meras. Ele, no entanto, nega.<\/p>\n<p class=\"my-5 break-words group-[.isActiveSource]:text-xl\">Em 2010, <strong class=\"group-[.isActiveSource]:text-xl group-[.isActiveSource]:font-bold\">Spanic acusou uma ex-assistente pessoal de envenenamento<\/strong>. A mulher chegou a ser presa, mas foi solta por falta de provas. Outra acusa\u00e7\u00e3o p\u00fablica feita pela atriz foi sobre o ex-cunhado. Ela alegou que o ex-marido da irm\u00e3 g\u00eamea <strong class=\"group-[.isActiveSource]:text-xl group-[.isActiveSource]:font-bold\">manipulou e tentou matar Daniela<\/strong>.<\/p>\n<p class=\"my-5 break-words group-[.isActiveSource]:text-xl\">Para al\u00e9m das pol\u00eamicas, ela teve destaque em novelas como &#8220;A Intrusa&#8221; (2001), &#8220;A Dona&#8221; (2010) e &#8220;Se Nos Deixam&#8221; (2021). Recentemente, a atriz foi anunciada em uma novela brasileira, intitulada &#8220;A Firma&#8221;.<\/p>\n<p><script async src=\"https:\/\/platform.twitter.com\/widgets.js\" charset=\"utf-8\"><\/script><\/p>\n","protected":false},"excerpt":{"rendered":"A atriz venezuelana Gaby Spanic compartilhou uma mensagem de apoio \u00e0 Venezuela neste s\u00e1bado (3). Em uma publica\u00e7\u00e3o&hellip;\n","protected":false},"author":2,"featured_media":214042,"comment_status":"","ping_status":"","sticky":false,"template":"","format":"standard","meta":{"footnotes":""},"categories":[145],"tags":[211,210,114,115,32,33],"class_list":{"0":"post-214041","1":"post","2":"type-post","3":"status-publish","4":"format-standard","5":"has-post-thumbnail","7":"category-celebridades","8":"tag-celebridades","9":"tag-celebrities","10":"tag-entertainment","11":"tag-entretenimento","12":"tag-portugal","13":"tag-pt"},"share_on_mastodon":{"url":"https:\/\/pubeurope.com\/@pt\/115834155474185953","error":""},"_links":{"self":[{"href":"https:\/\/www.europesays.com\/pt\/wp-json\/wp\/v2\/posts\/214041","targetHints":{"allow":["GET"]}}],"collection":[{"href":"https:\/\/www.europesays.com\/pt\/wp-json\/wp\/v2\/posts"}],"about":[{"href":"https:\/\/www.europesays.com\/pt\/wp-json\/wp\/v2\/types\/post"}],"author":[{"embeddable":true,"href":"https:\/\/www.europesays.com\/pt\/wp-json\/wp\/v2\/users\/2"}],"replies":[{"embeddable":true,"href":"https:\/\/www.europesays.com\/pt\/wp-json\/wp\/v2\/comments?post=214041"}],"version-history":[{"count":0,"href":"https:\/\/www.europesays.com\/pt\/wp-json\/wp\/v2\/posts\/214041\/revisions"}],"wp:featuredmedia":[{"embeddable":true,"href":"https:\/\/www.europesays.com\/pt\/wp-json\/wp\/v2\/media\/214042"}],"wp:attachment":[{"href":"https:\/\/www.europesays.com\/pt\/wp-json\/wp\/v2\/media?parent=214041"}],"wp:term":[{"taxonomy":"category","embeddable":true,"href":"https:\/\/www.europesays.com\/pt\/wp-json\/wp\/v2\/categories?post=214041"},{"taxonomy":"post_tag","embeddable":true,"href":"https:\/\/www.europesays.com\/pt\/wp-json\/wp\/v2\/tags?post=214041"}],"curies":[{"name":"wp","href":"https:\/\/api.w.org\/{rel}","templated":true}]}}