{"id":214053,"date":"2026-01-04T01:20:13","date_gmt":"2026-01-04T01:20:13","guid":{"rendered":"https:\/\/www.europesays.com\/pt\/214053\/"},"modified":"2026-01-04T01:20:13","modified_gmt":"2026-01-04T01:20:13","slug":"portugues-ganha-forca-no-estrasburgo-com-provavel-saida-de-rosenior","status":"publish","type":"post","link":"https:\/\/www.europesays.com\/pt\/214053\/","title":{"rendered":"Portugu\u00eas ganha for\u00e7a no Estrasburgo com prov\u00e1vel sa\u00edda de Rosenior"},"content":{"rendered":"<p style=\"margin-bottom:11px\">O portugu\u00eas Filipe Coelho \u00e9 um dos nomes em cima da mesa da estrutura do Estrasburgo para colmatar a prov\u00e1vel sa\u00edda de Liam Rosenior para o Chelsea, sabe o <strong>Maisfutebol<\/strong>.<\/p>\n<p>O treinador ingl\u00eas dever\u00e1 <a href=\"https:\/\/maisfutebol.iol.pt\/chelsea\/inglaterra\/oficial-enzo-maresca-ja-nao-e-o-treinador-do-chelsea\" target=\"_blank\" rel=\"nofollow noopener\"><strong>suceder a Enzo Maresca<\/strong><\/a> nos \u00abblues\u00bb e o Estrasburgo j\u00e1 equaciona o poss\u00edvel sucessor, com Filipe Coelho entre os preferidos. O t\u00e9cnico de 40 anos \u00e9 adjunto de Rosenior no Estrasburgo desde o ver\u00e3o passado, mas antes j\u00e1 tinha trabalhado noutro clube da BlueCo, precisamente o Chelsea (nos sub-21). Coelho tamb\u00e9m passou pelas camadas jovens do Benfica e do Estoril.<\/p>\n<p>J\u00e1 esta sexta-feira, em confer\u00eancia de imprensa, Rosenior n\u00e3o quis garantir que iria continuar no Estrasburgo.<\/p>\n<p>\u00abNa vida, n\u00e3o h\u00e1 garantias nenhumas. N\u00e3o sabemos o que traz o amanh\u00e3. Eu fa\u00e7o o meu trabalho. N\u00e3o quero garantir quanto tempo vou ficar aqui, mas divirto-me aqui todos os dias. Pretendo continuar a fazer isso enquanto aqui estiver. Amo este clube, mas n\u00e3o posso garantir nada\u00bb, disse o treinador de 41 anos.<\/p>\n<p>O Estrasburgo, diga-se, \u00e9 oitavo classificado do campeonato franc\u00eas, com 23 pontos, a quatro dos lugares europeus.<\/p>\n","protected":false},"excerpt":{"rendered":"O portugu\u00eas Filipe Coelho \u00e9 um dos nomes em cima da mesa da estrutura do Estrasburgo para colmatar&hellip;\n","protected":false},"author":2,"featured_media":214054,"comment_status":"","ping_status":"","sticky":false,"template":"","format":"standard","meta":{"footnotes":""},"categories":[8],"tags":[27,28,904,10393,15,16,41821,14,25,26,41822,436,21,22,46,40,42,41,12,13,19,20,32,23,24,33,47,17,18,35,29,30,31],"class_list":{"0":"post-214053","1":"post","2":"type-post","3":"status-publish","4":"format-standard","5":"has-post-thumbnail","7":"category-principais-noticias","8":"tag-breaking-news","9":"tag-breakingnews","10":"tag-chelsea","11":"tag-estrasburgo","12":"tag-featured-news","13":"tag-featurednews","14":"tag-filipe-coelho","15":"tag-headlines","16":"tag-latest-news","17":"tag-latestnews","18":"tag-liam-rosenior","19":"tag-made-in","20":"tag-main-news","21":"tag-mainnews","22":"tag-maisfutebol","23":"tag-maistransferencias","24":"tag-mercado","25":"tag-mercado-de-transferencias","26":"tag-news","27":"tag-noticias","28":"tag-noticias-principais","29":"tag-noticiasprincipais","30":"tag-portugal","31":"tag-principais-noticias","32":"tag-principaisnoticias","33":"tag-pt","34":"tag-pura-paixao","35":"tag-top-stories","36":"tag-topstories","37":"tag-transferencias","38":"tag-ultimas","39":"tag-ultimas-noticias","40":"tag-ultimasnoticias"},"share_on_mastodon":{"url":"","error":"Validation failed: Text character limit of 500 exceeded"},"_links":{"self":[{"href":"https:\/\/www.europesays.com\/pt\/wp-json\/wp\/v2\/posts\/214053","targetHints":{"allow":["GET"]}}],"collection":[{"href":"https:\/\/www.europesays.com\/pt\/wp-json\/wp\/v2\/posts"}],"about":[{"href":"https:\/\/www.europesays.com\/pt\/wp-json\/wp\/v2\/types\/post"}],"author":[{"embeddable":true,"href":"https:\/\/www.europesays.com\/pt\/wp-json\/wp\/v2\/users\/2"}],"replies":[{"embeddable":true,"href":"https:\/\/www.europesays.com\/pt\/wp-json\/wp\/v2\/comments?post=214053"}],"version-history":[{"count":0,"href":"https:\/\/www.europesays.com\/pt\/wp-json\/wp\/v2\/posts\/214053\/revisions"}],"wp:featuredmedia":[{"embeddable":true,"href":"https:\/\/www.europesays.com\/pt\/wp-json\/wp\/v2\/media\/214054"}],"wp:attachment":[{"href":"https:\/\/www.europesays.com\/pt\/wp-json\/wp\/v2\/media?parent=214053"}],"wp:term":[{"taxonomy":"category","embeddable":true,"href":"https:\/\/www.europesays.com\/pt\/wp-json\/wp\/v2\/categories?post=214053"},{"taxonomy":"post_tag","embeddable":true,"href":"https:\/\/www.europesays.com\/pt\/wp-json\/wp\/v2\/tags?post=214053"}],"curies":[{"name":"wp","href":"https:\/\/api.w.org\/{rel}","templated":true}]}}