{"id":214061,"date":"2026-01-04T01:30:10","date_gmt":"2026-01-04T01:30:10","guid":{"rendered":"https:\/\/www.europesays.com\/pt\/214061\/"},"modified":"2026-01-04T01:30:10","modified_gmt":"2026-01-04T01:30:10","slug":"agata-rodrigues-foi-trabalhar-no-reveillon-da-ilha-da-madeira-e-veio-de-la-noiva-e-com-anel-no-dedo-nacional","status":"publish","type":"post","link":"https:\/\/www.europesays.com\/pt\/214061\/","title":{"rendered":"\u00c1gata Rodrigues foi trabalhar no r\u00e9veillon da ilha da Madeira e veio de l\u00e1 noiva e com anel no dedo &#8211; Nacional"},"content":{"rendered":"<p class=\"\">&#13;<br \/>\n        H\u00e1 exatamente um ano, <b>\u00c1gata Rodrigues<\/b> estava igualmente na ilha da Madeira a trabalhar para a<b> CMTV<\/b>, esta\u00e7\u00e3o onde tem feito carreira como apresentadora. Solteira, pediu na passagem de ano de 2024 para 2025 que encontrasse algu\u00e9m com quem partilhar a vida.&#13;\n    <\/p>\n<p class=\"\">&#13;<br \/>\n        Contudo, jamais imaginou que esse desejo se iria concretizar. E mais do que encontrar um amor ficasse noiva. Mas foi precisamente isso que aconteceu. Voltou \u00e0 Madeira, novamente em servi\u00e7o para a CMTV mas <b>desta vez levou o namorado, o m\u00e9dico Ricardo Moutinho Guilherme.<\/b>&#13;\n    <\/p>\n<p class=\"\">&#13;<br \/>\n        S\u00f3 que estava longe de imaginar a surpresa que lhe estava reservada. \u00c1gata Rodrigues foi pedida em casamento em direto para a televis\u00e3o: &#8220;<b>\u00c1gata, tu sabes que eu te amo muito. Quero passar o resto da minha vida contigo. Gosto muito de ti, valorizo te muito e queria que casasses comigo. Casas comigo?<\/b>&#8220;. Visivelmente emocionada, \u00c1gata Rodrigues respondeu\u00a0&#8220;<b>sim<\/b>&#8220;, seguido de um\u00a0&#8220;<b>meu amor, claro que caso contigo<\/b>&#8220;.&#13;\n    <\/p>\n<p class=\"\">&#13;<br \/>\n        Nas redes sociais a apresentadora j\u00e1 reagiu a esta imensa felicidade: &#8220;Belisquem-me! As primeiras horas de 2026 superaram todas as minhas expectativas. <b>Estou noiva do amor da minha vida. Conheci o Ricardo enquanto convidado do programa &#8216;Manh\u00e3 CM&#8217; e, por isso, foi a televis\u00e3o que nos juntou<\/b>\u2026 e foi na televis\u00e3o que fui pedida em casamento. Num s\u00edtio que me diz muito, a ilha da Madeira!&#8221;&#13;\n    <\/p>\n<p class=\"\">&#13;<br \/>\n        E continuou: &#8220;Este foi o meu ref\u00fagio durante seis anos para o fim de um ano e in\u00edcio de outro, longe da fam\u00edlia mas a fazer o que amava. <b>O ano passado, por esta altura, n\u00e3o o conhecia ainda mas pedi um desejo \u00e0 meia noite como todos os anos o fa\u00e7o. Cumpriu-se<\/b>, e superou-se no mesmo s\u00edtio, 366 dias depois.&#8221;&#13;\n    <\/p>\n<p class=\"\">&#13;<br \/>\n        E termina \u00c1gata Rodrigues: &#8220;Meu amor, desde o dia em que o <b>Rui Oliveira<\/b> nos uniu <b>n\u00e3o tive d\u00favidas de que seria para sempre<\/b>. Eu <b>s\u00f3 n\u00e3o esperava \u00e9 que tu tivesses pensado tudo ao pormeno<\/b>r com a<b> Maya<\/b> e restante dire\u00e7\u00e3o da CMTV e nos dessem a ben\u00e7\u00e3o de uma forma t\u00e3o bonita.&#8221;&#13;\n    <\/p>\n<p>        &#13;<br \/>\n            Saber mais sobre&#13;<br \/>\n            &#13;<br \/>\n            &#13;<\/p>\n<p>    &#13;<br \/>\n        &#13;<br \/>\n        &#13;<br \/>\n&#13;<\/p>\n","protected":false},"excerpt":{"rendered":"&#13; H\u00e1 exatamente um ano, \u00c1gata Rodrigues estava igualmente na ilha da Madeira a trabalhar para a CMTV,&hellip;\n","protected":false},"author":2,"featured_media":214062,"comment_status":"","ping_status":"","sticky":false,"template":"","format":"standard","meta":{"footnotes":""},"categories":[85],"tags":[9402,114,115,32,33,218],"class_list":{"0":"post-214061","1":"post","2":"type-post","3":"status-publish","4":"format-standard","5":"has-post-thumbnail","7":"category-entretenimento","8":"tag-cmtv","9":"tag-entertainment","10":"tag-entretenimento","11":"tag-portugal","12":"tag-pt","13":"tag-televisao"},"share_on_mastodon":{"url":"https:\/\/pubeurope.com\/@pt\/115834245782653802","error":""},"_links":{"self":[{"href":"https:\/\/www.europesays.com\/pt\/wp-json\/wp\/v2\/posts\/214061","targetHints":{"allow":["GET"]}}],"collection":[{"href":"https:\/\/www.europesays.com\/pt\/wp-json\/wp\/v2\/posts"}],"about":[{"href":"https:\/\/www.europesays.com\/pt\/wp-json\/wp\/v2\/types\/post"}],"author":[{"embeddable":true,"href":"https:\/\/www.europesays.com\/pt\/wp-json\/wp\/v2\/users\/2"}],"replies":[{"embeddable":true,"href":"https:\/\/www.europesays.com\/pt\/wp-json\/wp\/v2\/comments?post=214061"}],"version-history":[{"count":0,"href":"https:\/\/www.europesays.com\/pt\/wp-json\/wp\/v2\/posts\/214061\/revisions"}],"wp:featuredmedia":[{"embeddable":true,"href":"https:\/\/www.europesays.com\/pt\/wp-json\/wp\/v2\/media\/214062"}],"wp:attachment":[{"href":"https:\/\/www.europesays.com\/pt\/wp-json\/wp\/v2\/media?parent=214061"}],"wp:term":[{"taxonomy":"category","embeddable":true,"href":"https:\/\/www.europesays.com\/pt\/wp-json\/wp\/v2\/categories?post=214061"},{"taxonomy":"post_tag","embeddable":true,"href":"https:\/\/www.europesays.com\/pt\/wp-json\/wp\/v2\/tags?post=214061"}],"curies":[{"name":"wp","href":"https:\/\/api.w.org\/{rel}","templated":true}]}}