{"id":214076,"date":"2026-01-04T01:49:13","date_gmt":"2026-01-04T01:49:13","guid":{"rendered":"https:\/\/www.europesays.com\/pt\/214076\/"},"modified":"2026-01-04T01:49:13","modified_gmt":"2026-01-04T01:49:13","slug":"governo-aprova-emissao-de-divida-publica-pelo-igcp-para-este-ano","status":"publish","type":"post","link":"https:\/\/www.europesays.com\/pt\/214076\/","title":{"rendered":"Governo aprova emiss\u00e3o de d\u00edvida p\u00fablica pelo IGCP para este ano"},"content":{"rendered":"<p>        O Conselho de Ministros aprovou, esta sexta-feira, por delibera\u00e7\u00e3o escrita, uma resolu\u00e7\u00e3o que autoriza a Ag\u00eancia de Gest\u00e3o da Tesouraria e da D\u00edvida P\u00fablica (IGCP) a emitir d\u00edvida, de acordo com o que est\u00e1 estabelecido no Or\u00e7amento do Estado para 2026 (OE2026).    <\/p>\n<p>O Conselho de Ministros aprovou, esta sexta-feira, por delibera\u00e7\u00e3o escrita, uma resolu\u00e7\u00e3o que autoriza a Ag\u00eancia de Gest\u00e3o da Tesouraria e da D\u00edvida P\u00fablica (IGCP) a emitir d\u00edvida, de acordo com o que est\u00e1 estabelecido no Or\u00e7amento do Estado para 2026 (OE2026).<\/p>\n<p>\u201cO Conselho de Ministros aprovou esta sexta-feira, dia 02 de janeiro, por delibera\u00e7\u00e3o escrita, atrav\u00e9s da rede inform\u00e1tica do Governo, uma Resolu\u00e7\u00e3o do Conselho de Ministros que autoriza a Ag\u00eancia de Gest\u00e3o da Tesouraria e da D\u00edvida P\u00fablica \u2013 IGCP, E. P. E., a emitir d\u00edvida p\u00fablica de acordo com os limites estabelecidos no Or\u00e7amento do Estado para 2026, sob as formas de representa\u00e7\u00e3o previstas na lei, tendo em vista a satisfa\u00e7\u00e3o das necessidades de financiamento do Estado\u201d, pode ler-se num comunicado a que o Not\u00edcias ao Minuto teve acesso.<\/p>\n<p>Segundo o Executivo, \u201cesta delibera\u00e7\u00e3o, semelhante \u00e0s de anos anteriores, normalmente aprovadas a 2 de janeiro, autoriza o IGCP a cumprir o seu plano de financiamento para o corrente ano\u201d.<\/p>\n<p>\u201cA resolu\u00e7\u00e3o permite ao IGCP financiar-se em mercado quando avaliar ser mais vantajoso para a Rep\u00fablica, bem como garantir a n\u00e3o interrup\u00e7\u00e3o de subscri\u00e7\u00e3o de Certificados do Tesouro e Certificados de Aforro\u201d, \u00e9 ainda referido.<\/p>\n<p>As necessidades de financiamento l\u00edquidas do Estado em 2026 rondam os 13.000 milh\u00f5es de euros, de acordo com o Programa de Financiamento da Rep\u00fablica Portuguesa.<\/p>\n<p>Segundo o documento do IGCP \u2013 Ag\u00eancia de Gest\u00e3o da Tesouraria e da D\u00edvida P\u00fablica, \u201ca estrat\u00e9gia de financiamento para 2026 centrar-se-\u00e1 na emiss\u00e3o de t\u00edtulos de d\u00edvida p\u00fablica em euros nos mercados financeiros, com a realiza\u00e7\u00e3o regular de emiss\u00f5es de Obriga\u00e7\u00f5es do Tesouro (OT) para promover a liquidez e o eficiente funcionamento dos mercados prim\u00e1rio e secund\u00e1rio\u201d.<\/p>\n<p>No que diz respeito \u00e0s OT, \u00e9 esperado um montante de 24 mil milh\u00f5es de euros obtido via emiss\u00e3o bruta de OT, \u201ccombinando sindicatos e leil\u00f5es, prevendo-se a realiza\u00e7\u00e3o de 3 emiss\u00f5es sindicadas e 9 leil\u00f5es\u201d.<\/p>\n<p>J\u00e1 no que diz respeito a Bilhetes do Tesouro (BT), a expectativa \u00e9 que o financiamento l\u00edquido resultante da emiss\u00e3o de BT tenha um impacto de 5,1 mil milh\u00f5es de euros.<\/p>\n<p>\u201cO IGCP manter\u00e1 a realiza\u00e7\u00e3o de leil\u00f5es mensais de BT na terceira quarta-feira de cada m\u00eas e, se se justificar, poder\u00e1 tamb\u00e9m usar a primeira quarta-feira do m\u00eas\u201d, indica a ag\u00eancia que gere a d\u00edvida portuguesa.<\/p>\n<p>Segundo o calend\u00e1rio indicativo para o primeiro trimestre de 2026, est\u00e3o previstos leil\u00f5es em 07 e 21 de janeiro, ambos com montante indicativo de 1.000 milh\u00f5es de euros a 1.250 milh\u00f5es de euros, em 18 de fevereiro, com montante indicativo entre 1.500 milh\u00f5es e 1.750 milh\u00f5es de euros e em 18 de mar\u00e7o, com um montante entre 1.750 milh\u00f5es e 2.000 milh\u00f5es de euros.<\/p>\n<p>O IGCP sinaliza ainda que, no pr\u00f3ximo ano, pretende \u201cdinamizar o programa de papel comercial (Euro Commercial Paper, \u201cECP\u201d), bem como o programa Euro Medium Term Notes (EMTN), que permitir\u00e1 explorar a emiss\u00e3o de t\u00edtulos de curto e m\u00e9dio-longo prazo em diferentes moedas\u201d.<\/p>\n","protected":false},"excerpt":{"rendered":"O Conselho de Ministros aprovou, esta sexta-feira, por delibera\u00e7\u00e3o escrita, uma resolu\u00e7\u00e3o que autoriza a Ag\u00eancia de Gest\u00e3o&hellip;\n","protected":false},"author":2,"featured_media":214077,"comment_status":"","ping_status":"","sticky":false,"template":"","format":"standard","meta":{"footnotes":""},"categories":[10],"tags":[27,28,15,16,14,5014,25,26,21,22,12,13,19,20,32,23,24,33,17,18,29,30,31],"class_list":{"0":"post-214076","1":"post","2":"type-post","3":"status-publish","4":"format-standard","5":"has-post-thumbnail","7":"category-portugal","8":"tag-breaking-news","9":"tag-breakingnews","10":"tag-featured-news","11":"tag-featurednews","12":"tag-headlines","13":"tag-igcp","14":"tag-latest-news","15":"tag-latestnews","16":"tag-main-news","17":"tag-mainnews","18":"tag-news","19":"tag-noticias","20":"tag-noticias-principais","21":"tag-noticiasprincipais","22":"tag-portugal","23":"tag-principais-noticias","24":"tag-principaisnoticias","25":"tag-pt","26":"tag-top-stories","27":"tag-topstories","28":"tag-ultimas","29":"tag-ultimas-noticias","30":"tag-ultimasnoticias"},"share_on_mastodon":{"url":"https:\/\/pubeurope.com\/@pt\/115834320460928147","error":""},"_links":{"self":[{"href":"https:\/\/www.europesays.com\/pt\/wp-json\/wp\/v2\/posts\/214076","targetHints":{"allow":["GET"]}}],"collection":[{"href":"https:\/\/www.europesays.com\/pt\/wp-json\/wp\/v2\/posts"}],"about":[{"href":"https:\/\/www.europesays.com\/pt\/wp-json\/wp\/v2\/types\/post"}],"author":[{"embeddable":true,"href":"https:\/\/www.europesays.com\/pt\/wp-json\/wp\/v2\/users\/2"}],"replies":[{"embeddable":true,"href":"https:\/\/www.europesays.com\/pt\/wp-json\/wp\/v2\/comments?post=214076"}],"version-history":[{"count":0,"href":"https:\/\/www.europesays.com\/pt\/wp-json\/wp\/v2\/posts\/214076\/revisions"}],"wp:featuredmedia":[{"embeddable":true,"href":"https:\/\/www.europesays.com\/pt\/wp-json\/wp\/v2\/media\/214077"}],"wp:attachment":[{"href":"https:\/\/www.europesays.com\/pt\/wp-json\/wp\/v2\/media?parent=214076"}],"wp:term":[{"taxonomy":"category","embeddable":true,"href":"https:\/\/www.europesays.com\/pt\/wp-json\/wp\/v2\/categories?post=214076"},{"taxonomy":"post_tag","embeddable":true,"href":"https:\/\/www.europesays.com\/pt\/wp-json\/wp\/v2\/tags?post=214076"}],"curies":[{"name":"wp","href":"https:\/\/api.w.org\/{rel}","templated":true}]}}