{"id":214086,"date":"2026-01-04T02:03:15","date_gmt":"2026-01-04T02:03:15","guid":{"rendered":"https:\/\/www.europesays.com\/pt\/214086\/"},"modified":"2026-01-04T02:03:15","modified_gmt":"2026-01-04T02:03:15","slug":"pescador-morto-com-duas-facadas-saiu-de-casa-para-evitar-confronto-com-o-cunhado","status":"publish","type":"post","link":"https:\/\/www.europesays.com\/pt\/214086\/","title":{"rendered":"Pescador morto com duas facadas saiu de casa para evitar confronto com o cunhado"},"content":{"rendered":"<p data-remotead-prev-elm=\"true\" data-remotead-elm-id=\"inread\">A \u00faltima noite do ano tinha tudo para ser calma e familiar. O pescador e a companheira convidaram um familiar (irm\u00e3o da mulher) e a esposa para um repasto de final de ano que se esperava animado. N\u00e3o havia conflitos anteriores entre os casais e o jantar foi marcado para a casa do pescador, na Praia da Leirosa, na Figueira da Foz.<\/p>\n<p>Estavam j\u00e1 todos \u00e0 mesa quando uma discuss\u00e3o se iniciou. As autoridades ainda n\u00e3o conseguiram apurar o motivo do desentendimento, mas suspeitam que ter\u00e1 sido uma raz\u00e3o menor a causar a disc\u00f3rdia entre os dois homens.<\/p>\n<p>Certo \u00e9 que, com o escalar do conflito, o pescador abandonou a mesa e saiu da sua pr\u00f3pria resid\u00eancia para evitar males maiores. O cunhado, no entanto, n\u00e3o se acalmou, agarrou numa faca (que estaria na cozinha) e foi ao seu encontro. J\u00e1 no exterior da habita\u00e7\u00e3o, agrediu-o a murro e, de seguida, deu-lhe duas facadas.<\/p>\n<p data-remotead-prev-elm=\"true\" data-remotead-elm-id=\"centro1\">Os golpes atingiram o pescador no peito e na barriga e revelaram-se fatais.<\/p>\n<p>Escondeu arma do crime<\/p>\n<p>Ap\u00f3s atingir o familiar, o homicida escondeu a arma do crime e, mesmo depois de detido, n\u00e3o revelou o local onde abandonou a faca. Manteve sempre o sil\u00eancio e tamb\u00e9m n\u00e3o explicou o motivo da discuss\u00e3o.<\/p>\n<p>Continuar\u00e1 em pris\u00e3o preventiva at\u00e9 ser levado, neste s\u00e1bado, ao Tribunal de Coimbra para ser interrogado por um juiz de instru\u00e7\u00e3o criminal. S\u00f3 no final ficar\u00e1 a conhecer as medidas de coa\u00e7\u00e3o.<\/p>\n","protected":false},"excerpt":{"rendered":"A \u00faltima noite do ano tinha tudo para ser calma e familiar. O pescador e a companheira convidaram&hellip;\n","protected":false},"author":2,"featured_media":214087,"comment_status":"","ping_status":"","sticky":false,"template":"","format":"standard","meta":{"footnotes":""},"categories":[10],"tags":[27,28,25014,16610,15,16,14,5564,603,25,26,21,22,12,13,19,20,41827,32,23,24,33,17,18,29,30,31],"class_list":{"0":"post-214086","1":"post","2":"type-post","3":"status-publish","4":"format-standard","5":"has-post-thumbnail","7":"category-portugal","8":"tag-breaking-news","9":"tag-breakingnews","10":"tag-cunhado","11":"tag-detido","12":"tag-featured-news","13":"tag-featurednews","14":"tag-headlines","15":"tag-homicidio","16":"tag-justica","17":"tag-latest-news","18":"tag-latestnews","19":"tag-main-news","20":"tag-mainnews","21":"tag-news","22":"tag-noticias","23":"tag-noticias-principais","24":"tag-noticiasprincipais","25":"tag-pescador","26":"tag-portugal","27":"tag-principais-noticias","28":"tag-principaisnoticias","29":"tag-pt","30":"tag-top-stories","31":"tag-topstories","32":"tag-ultimas","33":"tag-ultimas-noticias","34":"tag-ultimasnoticias"},"share_on_mastodon":{"url":"https:\/\/pubeurope.com\/@pt\/115834375547102153","error":""},"_links":{"self":[{"href":"https:\/\/www.europesays.com\/pt\/wp-json\/wp\/v2\/posts\/214086","targetHints":{"allow":["GET"]}}],"collection":[{"href":"https:\/\/www.europesays.com\/pt\/wp-json\/wp\/v2\/posts"}],"about":[{"href":"https:\/\/www.europesays.com\/pt\/wp-json\/wp\/v2\/types\/post"}],"author":[{"embeddable":true,"href":"https:\/\/www.europesays.com\/pt\/wp-json\/wp\/v2\/users\/2"}],"replies":[{"embeddable":true,"href":"https:\/\/www.europesays.com\/pt\/wp-json\/wp\/v2\/comments?post=214086"}],"version-history":[{"count":0,"href":"https:\/\/www.europesays.com\/pt\/wp-json\/wp\/v2\/posts\/214086\/revisions"}],"wp:featuredmedia":[{"embeddable":true,"href":"https:\/\/www.europesays.com\/pt\/wp-json\/wp\/v2\/media\/214087"}],"wp:attachment":[{"href":"https:\/\/www.europesays.com\/pt\/wp-json\/wp\/v2\/media?parent=214086"}],"wp:term":[{"taxonomy":"category","embeddable":true,"href":"https:\/\/www.europesays.com\/pt\/wp-json\/wp\/v2\/categories?post=214086"},{"taxonomy":"post_tag","embeddable":true,"href":"https:\/\/www.europesays.com\/pt\/wp-json\/wp\/v2\/tags?post=214086"}],"curies":[{"name":"wp","href":"https:\/\/api.w.org\/{rel}","templated":true}]}}