{"id":214088,"date":"2026-01-04T02:05:07","date_gmt":"2026-01-04T02:05:07","guid":{"rendered":"https:\/\/www.europesays.com\/pt\/214088\/"},"modified":"2026-01-04T02:05:07","modified_gmt":"2026-01-04T02:05:07","slug":"morre-maria-ribeiro-atriz-de-vidas-secas-aos-102-anos","status":"publish","type":"post","link":"https:\/\/www.europesays.com\/pt\/214088\/","title":{"rendered":"Morre Maria Ribeiro, atriz de &#8216;Vidas Secas&#8217;, aos 102 anos"},"content":{"rendered":"<p>\n                        &#8216;Minha vida pode ser dividida entre antes e depois de &#8216;Vidas Secas&#8221;, dizia artista que entrou para o mundo do cinema a convite de Nelson Pereira dos Santos\n                    <\/p>\n<p>\n                                    3 jan<br \/>\n                                    2026<br \/>\n                                     &#8211; 19h40\n                                <\/p>\n<p>\n                                                                                                                        (atualizado \u00e0s 19h45)\n                                                                            <\/p>\n<p class=\"text\"><b>Maria Ribeiro<\/b>, atriz conhecida por seu trabalho no filme <b>Vidas Secas <\/b>(1963) morreu na \u00faltima ter\u00e7a-feira, 30, aos <b>102 anos de idade<\/b>. A informa\u00e7\u00e3o foi <a href=\"https:\/\/www.facebook.com\/wilmma.mappasilva\/posts\/pfbid0XH8uNjbBHmw9PC44Q68AkFKoqMs9mhJAg1b4px1wYxFJpbBHudWBWPRFWK47BGN6l\" rel=\"nofollow noopener\" target=\"_blank\" title=\"https:\/\/www.facebook.com\/wilmma.mappasilva\/posts\/pfbid0XH8uNjbBHmw9PC44Q68AkFKoqMs9mhJAg1b4px1wYxFJpbBHudWBWPRFWK47BGN6l\">publicada<\/a> por sua filha, Wilma Lindamar da Silva, no Facebook, e ganhou repercuss\u00e3o dias depois.<\/p>\n<p class=\"text\">A maneira encontrada foi pedir uma licen\u00e7a de dois meses ao seu patr\u00e3o, para que fizesse as filmagens e voltasse. Ouviu um n\u00e3o e ainda que a grava\u00e7\u00e3o de Vidas Secas n\u00e3o justificaria a aus\u00eancia por conta de fazer parte dessa &#8220;loucura do cinema nacional&#8221;. Pereira teria vazado a informa\u00e7\u00e3o para a imprensa, que repercutiu com reportagens que contavam a hist\u00f3ria da atendente de laborat\u00f3rio que foi chamada para ser atriz de cinema, mas barrada pelo chefe.<\/p>\n<p class=\"text\">Nelson convenceu o produtor Herbert Richers a ligar para o patr\u00e3o de Ribeiro. &#8220;Olha, Maria, eles fizeram o pr\u00f3prio Herbert ligar para mim. Eu devo muitos favores a esse homem e n\u00e3o posso dizer n\u00e3o. Agora, eu vou perder uma excelente funcion\u00e1ria, porque sei como \u00e9 o cinema brasileiro. Ele vira a cabe\u00e7a das pessoas&#8221;, teria dito, segundo ela.<\/p>\n<p class=\"text\">Liberada, filmou Vidas Secas e se destacou. P\u00f4de conhecer a Europa quando foi ao Festival de Cannes. Morou algum tempo na It\u00e1lia. \u00c0 \u00e9poca de sua morte, vivia em Genebra, na Su\u00ed\u00e7a. Esteve no elenco de outros filmes como A Hora e a Vez de Augusto Maltraga (1965), Os Herdeiros (1970), O Amuleto de Ogum (1974), Perdida (1976), Soledade, a Bagaceira (1976), a Terceira Margem do Rio (1994, quando voltou a trabalhar com Nelson Pereira dos Santos) e As Tran\u00e7as de Maria (2003).<\/p>\n","protected":false},"excerpt":{"rendered":"&#8216;Minha vida pode ser dividida entre antes e depois de &#8216;Vidas Secas&#8221;, dizia artista que entrou para o&hellip;\n","protected":false},"author":2,"featured_media":89585,"comment_status":"","ping_status":"","sticky":false,"template":"","format":"standard","meta":{"footnotes":""},"categories":[145],"tags":[211,210,470,114,115,9910,32,33],"class_list":{"0":"post-214088","1":"post","2":"type-post","3":"status-publish","4":"format-standard","5":"has-post-thumbnail","7":"category-celebridades","8":"tag-celebridades","9":"tag-celebrities","10":"tag-cinema","11":"tag-entertainment","12":"tag-entretenimento","13":"tag-maria-ribeiro","14":"tag-portugal","15":"tag-pt"},"share_on_mastodon":{"url":"https:\/\/pubeurope.com\/@pt\/115834383422582579","error":""},"_links":{"self":[{"href":"https:\/\/www.europesays.com\/pt\/wp-json\/wp\/v2\/posts\/214088","targetHints":{"allow":["GET"]}}],"collection":[{"href":"https:\/\/www.europesays.com\/pt\/wp-json\/wp\/v2\/posts"}],"about":[{"href":"https:\/\/www.europesays.com\/pt\/wp-json\/wp\/v2\/types\/post"}],"author":[{"embeddable":true,"href":"https:\/\/www.europesays.com\/pt\/wp-json\/wp\/v2\/users\/2"}],"replies":[{"embeddable":true,"href":"https:\/\/www.europesays.com\/pt\/wp-json\/wp\/v2\/comments?post=214088"}],"version-history":[{"count":0,"href":"https:\/\/www.europesays.com\/pt\/wp-json\/wp\/v2\/posts\/214088\/revisions"}],"wp:featuredmedia":[{"embeddable":true,"href":"https:\/\/www.europesays.com\/pt\/wp-json\/wp\/v2\/media\/89585"}],"wp:attachment":[{"href":"https:\/\/www.europesays.com\/pt\/wp-json\/wp\/v2\/media?parent=214088"}],"wp:term":[{"taxonomy":"category","embeddable":true,"href":"https:\/\/www.europesays.com\/pt\/wp-json\/wp\/v2\/categories?post=214088"},{"taxonomy":"post_tag","embeddable":true,"href":"https:\/\/www.europesays.com\/pt\/wp-json\/wp\/v2\/tags?post=214088"}],"curies":[{"name":"wp","href":"https:\/\/api.w.org\/{rel}","templated":true}]}}