{"id":214093,"date":"2026-01-04T02:17:17","date_gmt":"2026-01-04T02:17:17","guid":{"rendered":"https:\/\/www.europesays.com\/pt\/214093\/"},"modified":"2026-01-04T02:17:17","modified_gmt":"2026-01-04T02:17:17","slug":"nova-administracao-dos-smtuc-ja-esta-em-funcoes-noticias-de-coimbra","status":"publish","type":"post","link":"https:\/\/www.europesays.com\/pt\/214093\/","title":{"rendered":"Nova administra\u00e7\u00e3o dos SMTUC j\u00e1 est\u00e1 em fun\u00e7\u00f5es \u2013 Not\u00edcias de Coimbra"},"content":{"rendered":"<p><strong>Tomada de posse ocorreu na manh\u00e3 de sexta-feira. 2 de janeiro.<\/strong><\/p>\n<p>PUBLICIDADE<\/p>\n<p>\t\t\t\t\t\t<a class=\"publicidade-imagem d-flex justify-content-center\" href=\"https:\/\/web.facebook.com\/mmspabeautycenter\/?_rdc=1&amp;_rdr#\" rel=\"nofollow noopener\" target=\"_blank\"><br \/>\n\t\t\t\t\t\t  <img loading=\"lazy\" width=\"890\" height=\"318\" decoding=\"async\" src=\"https:\/\/www.europesays.com\/pt\/wp-content\/uploads\/2025\/12\/MM-SPA-1.jpg\" alt=\"publicidade\" class=\"img-fluid\"\/><br \/>\n\t\t\t\t\t\t<\/a><\/p>\n<p>Eduarda Barata e Marilene Rodrigues s\u00e3o, desde esta sexta-feira, presidente e vogal do Conselho de Administra\u00e7\u00e3o dos Servi\u00e7os Municipalizados de Transportes Urbanos de Coimbra (SMTUC). <\/p>\n<p>A tomada de posse ocorreu numa cerim\u00f3nia privada de acesso restrito que contou com a presen\u00e7a da presidente da c\u00e2mara, Ana Abrunhosa.<\/p>\n<p>Ap\u00f3s a entrada em fun\u00e7\u00f5es, os novos elementos est\u00e3o a efetuar uma visita \u00e0s instala\u00e7\u00f5es da empresa e a tomar contacto com os trabalhadores.<\/p>\n","protected":false},"excerpt":{"rendered":"Tomada de posse ocorreu na manh\u00e3 de sexta-feira. 2 de janeiro. PUBLICIDADE Eduarda Barata e Marilene Rodrigues s\u00e3o,&hellip;\n","protected":false},"author":2,"featured_media":214094,"comment_status":"","ping_status":"","sticky":false,"template":"","format":"standard","meta":{"footnotes":""},"categories":[10],"tags":[27,28,15,16,14,25,26,21,22,12,13,19,20,32,23,24,33,17,18,29,30,31],"class_list":{"0":"post-214093","1":"post","2":"type-post","3":"status-publish","4":"format-standard","5":"has-post-thumbnail","7":"category-portugal","8":"tag-breaking-news","9":"tag-breakingnews","10":"tag-featured-news","11":"tag-featurednews","12":"tag-headlines","13":"tag-latest-news","14":"tag-latestnews","15":"tag-main-news","16":"tag-mainnews","17":"tag-news","18":"tag-noticias","19":"tag-noticias-principais","20":"tag-noticiasprincipais","21":"tag-portugal","22":"tag-principais-noticias","23":"tag-principaisnoticias","24":"tag-pt","25":"tag-top-stories","26":"tag-topstories","27":"tag-ultimas","28":"tag-ultimas-noticias","29":"tag-ultimasnoticias"},"share_on_mastodon":{"url":"https:\/\/pubeurope.com\/@pt\/115834430626693319","error":""},"_links":{"self":[{"href":"https:\/\/www.europesays.com\/pt\/wp-json\/wp\/v2\/posts\/214093","targetHints":{"allow":["GET"]}}],"collection":[{"href":"https:\/\/www.europesays.com\/pt\/wp-json\/wp\/v2\/posts"}],"about":[{"href":"https:\/\/www.europesays.com\/pt\/wp-json\/wp\/v2\/types\/post"}],"author":[{"embeddable":true,"href":"https:\/\/www.europesays.com\/pt\/wp-json\/wp\/v2\/users\/2"}],"replies":[{"embeddable":true,"href":"https:\/\/www.europesays.com\/pt\/wp-json\/wp\/v2\/comments?post=214093"}],"version-history":[{"count":0,"href":"https:\/\/www.europesays.com\/pt\/wp-json\/wp\/v2\/posts\/214093\/revisions"}],"wp:featuredmedia":[{"embeddable":true,"href":"https:\/\/www.europesays.com\/pt\/wp-json\/wp\/v2\/media\/214094"}],"wp:attachment":[{"href":"https:\/\/www.europesays.com\/pt\/wp-json\/wp\/v2\/media?parent=214093"}],"wp:term":[{"taxonomy":"category","embeddable":true,"href":"https:\/\/www.europesays.com\/pt\/wp-json\/wp\/v2\/categories?post=214093"},{"taxonomy":"post_tag","embeddable":true,"href":"https:\/\/www.europesays.com\/pt\/wp-json\/wp\/v2\/tags?post=214093"}],"curies":[{"name":"wp","href":"https:\/\/api.w.org\/{rel}","templated":true}]}}