{"id":214107,"date":"2026-01-04T02:38:22","date_gmt":"2026-01-04T02:38:22","guid":{"rendered":"https:\/\/www.europesays.com\/pt\/214107\/"},"modified":"2026-01-04T02:38:22","modified_gmt":"2026-01-04T02:38:22","slug":"critics-choice-com-o-agente-secreto-onde-e-quando-ver-03-01-2026-ilustrada","status":"publish","type":"post","link":"https:\/\/www.europesays.com\/pt\/214107\/","title":{"rendered":"Critics Choice com &#8216;O Agente Secreto&#8217;: onde e quando ver &#8211; 03\/01\/2026 &#8211; Ilustrada"},"content":{"rendered":"<p>Come\u00e7a a temporada de pr\u00eamios de 2026 com <a href=\"https:\/\/www1.folha.uol.com.br\/ilustrada\/2025\/12\/critics-choice-awards-termometro-do-oscar-anuncia-indicados-hoje.shtml\" rel=\"nofollow noopener\" target=\"\">o Critics Choice Awards<\/a>, cerim\u00f4nia transmitida ao vivo de Los Angeles, com apresenta\u00e7\u00e3o da comediante Chelsea Handler. Os pr\u00eamios s\u00e3o selecionados por mais de 500 jornalistas dos Estados Unidos e do Canad\u00e1 e se espera a maior disputa entre <a href=\"https:\/\/www1.folha.uol.com.br\/ilustrada\/2025\/09\/uma-batalha-apos-a-outra-escancara-a-violencia-politica-de-hoje-no-caminho-ao-oscar.shtml\" rel=\"nofollow noopener\" target=\"\">&#8220;Uma Batalha Ap\u00f3s a Outra&#8221;<\/a>, de <a href=\"https:\/\/www1.folha.uol.com.br\/ilustrada\/2025\/09\/uma-batalha-apos-a-outra-e-espetaculo-de-contradicoes-americanas.shtml\" rel=\"nofollow noopener\" target=\"\">Paul Thomas Anderson<\/a>, e &#8220;<a href=\"https:\/\/www1.folha.uol.com.br\/ilustrada\/2025\/04\/pecadores-entre-o-blues-e-o-horror-narra-vivencia-da-america-racista.shtml\" rel=\"nofollow noopener\" target=\"\">Pecadores<\/a>&#8220;, <a href=\"https:\/\/www1.folha.uol.com.br\/ilustrada\/2025\/04\/por-que-pecadores-de-ryan-coogler-esta-causando-alvoroco-em-hollywood.shtml\" rel=\"nofollow noopener\" target=\"\">de Ryan Coogler<\/a>. Os coment\u00e1rios em portugu\u00eas s\u00e3o de Aline Diniz e a tradu\u00e7\u00e3o simult\u00e2nea ser\u00e1 de Marly Moro e Robert Greathouse.<\/p>\n<p><a href=\"https:\/\/www1.folha.uol.com.br\/folha-topicos\/wagner-moura\/\" rel=\"nofollow noopener\" target=\"_blank\">Wagner Moura<\/a> concorre duas vezes, como<a href=\"https:\/\/f5.folha.uol.com.br\/celebridades\/2026\/01\/nunca-entendi-atores-que-tentam-perder-o-sotaque-diz-wagner-moura-a-revista-americana.shtml\" rel=\"nofollow noopener\" target=\"\"> ator de filme<\/a> por &#8220;<a href=\"https:\/\/www1.folha.uol.com.br\/folha-topicos\/o-agente-secreto\/\" rel=\"nofollow noopener\" target=\"_blank\">O Agente Secreto<\/a>&#8220;, de <a href=\"https:\/\/www1.folha.uol.com.br\/folha-topicos\/kleber-mendonca-filho\/\" rel=\"nofollow noopener\" target=\"_blank\">Kleber Mendon\u00e7a Filho<\/a>, e ator coadjuvante em miniss\u00e9rie, por &#8220;Ladr\u00f5es de Drogas&#8221;. J\u00e1 o <a href=\"https:\/\/www1.folha.uol.com.br\/ilustrada\/2025\/11\/o-agente-secreto-abarca-imensidao-e-atualidade-da-violencia-brasileira.shtml\" rel=\"nofollow noopener\" target=\"\">longa brasileiro<\/a> disputar\u00e1 na categoria de melhor filme internacional. O Brasil tamb\u00e9m aparece na indica\u00e7\u00e3o de Adolpho Veloso, que disputa o pr\u00eamio de melhor fotografia pela produ\u00e7\u00e3o &#8220;Sonhos de Trem&#8221;.<\/p>\n<p class=\"tagline\"><strong>Onde ver:<\/strong> TNT e HBO <a href=\"https:\/\/www1.folha.uol.com.br\/folha-topicos\/max\/\" rel=\"nofollow noopener\" target=\"_blank\">Max<\/a>, 21h, 12 anos<\/p>\n<p>The Pitt<\/p>\n<p class=\"tagline\"><strong>Onde ver:<\/strong> HBO Max, a partir de quinta-feira, 8<\/p>\n<p>Cada epis\u00f3dio do <a href=\"https:\/\/www1.folha.uol.com.br\/ilustrada\/2025\/01\/the-pitt-adapta-plantao-medico-para-o-caos-do-mundo-pos-pandemico.shtml\" rel=\"nofollow noopener\" target=\"\">drama m\u00e9dico ganhador do Emmy<\/a> de 2025 \u00e9 contado em<a href=\"https:\/\/www1.folha.uol.com.br\/ilustrada\/2026\/01\/the-pitt-quer-continuar-como-a-ficcao-mais-real-da-televisao-em-seu-retorno.shtml\" rel=\"nofollow noopener\" target=\"\"> tempo real num turno exaustivo dentro de um pronto-socorro<\/a> em que a press\u00e3o \u00e9 constante. Noah Wyle, que por anos foi o m\u00e9dico residente de \u2018Plant\u00e3o M\u00e9dico\u2019, est\u00e1 no centro emocional da s\u00e9rie, mas sem nostalgia. Ele tem de tomar decis\u00f5es dif\u00edceis toda hora e dentro de um sistema de sa\u00fade prec\u00e1rio \u2014com superlota\u00e7\u00e3o, esgotamento profissional e dilemas \u00e9ticos na triagem.<\/p>\n<p>Os procedimentos m\u00e9dicos s\u00e3o duros, os desfechos frequentemente incertos, e o drama nasce das escolhas imposs\u00edveis impostas pelo tempo e pela escassez. A segunda temporada retoma a narrativa algumas semanas depois dos eventos da primeira e \u00e0s v\u00e9speras de um sab\u00e1tico planejado pelo m\u00e9dico Robby.<\/p>\n<p>O Auto da Compadecida<\/p>\n<p class=\"tagline\"><strong>Onde ver:<\/strong> TV <a href=\"https:\/\/www1.folha.uol.com.br\/folha-topicos\/globo\/\" rel=\"nofollow noopener\" target=\"_blank\">Globo<\/a>, a partir de segunda-feira, 5<\/p>\n<p>O <a href=\"https:\/\/feeds.folha.uol.com.br\/fsp\/ilustrad\/fq2609200024.htm\" rel=\"nofollow noopener\" target=\"\">famoso filme <\/a>ganha formato de s\u00e9rie com quatro epis\u00f3dios. Chic\u00f3 e Jo\u00e3o Grilo voltam a Tapero\u00e1 duas d\u00e9cadas depois, agora com novos planos para agitar a cidade. Idealizada por Guel Arraes, a hist\u00f3ria mant\u00e9m a amizade como eixo central e incorpora temas atuais, como fama e culto \u00e0s celebridades.<\/p>\n<p>O Tanque de Guerra<\/p>\n<p class=\"tagline\"><strong>Onde ver:<\/strong> Prime Video, 16 anos<\/p>\n<p>Longe do hero\u00edsmo, o longa se passa na Segunda Guerra, em 1943, centrado na experi\u00eancia de soldados dentro de um tanque durante uma miss\u00e3o secreta na frente oriental. A produ\u00e7\u00e3o alem\u00e3 acompanha o confinamento, a tens\u00e3o psicol\u00f3gica e os dilemas morais da tripula\u00e7\u00e3o.<\/p>\n<p>O Que Acontece Depois<\/p>\n<p class=\"tagline\"><strong>Onde ver:<\/strong> <a href=\"https:\/\/www1.folha.uol.com.br\/folha-topicos\/netflix\/\" rel=\"nofollow noopener\" target=\"_blank\">Netflix<\/a>, 14 anos<\/p>\n<p>A atriz Meg Ryan dirige e estrela esta com\u00e9dia rom\u00e2ntica ao lado do ator David Duchovny. Quase todo filmado dentro de um aeroporto durante uma nevasca, o longa-metragem acompanha o reencontro inesperado de dois ex-amantes, transformando o atraso de um voo num acerto de contas emocional,<br \/>&#13;<br \/>\nespirituoso e melanc\u00f3lico entre os dois.<\/p>\n<p>N\u00e3o Sou Eu<\/p>\n<p class=\"tagline\"><strong>Onde ver:<\/strong> Filmicca, 16 anos<\/p>\n<p>O <a href=\"https:\/\/www1.folha.uol.com.br\/ilustrada\/2025\/04\/apos-annette-leos-carax-emula-tom-e-voz-de-godard-em-novo-filme.shtml\" rel=\"nofollow noopener\" target=\"\">filme-ensaio funciona como um autorretrato<\/a> do cineasta franc\u00eas Leos Carax sem narrativa linear, a partir de imagens de arquivo, trechos de seus pr\u00f3prios filmes, v\u00eddeos caseiros e refer\u00eancias liter\u00e1rias e pol\u00edticas. Foi parte da programa\u00e7\u00e3o da Mostra Internacional de <a href=\"https:\/\/www1.folha.uol.com.br\/folha-topicos\/cinema\/\" rel=\"nofollow noopener\" target=\"_blank\">Cinema<\/a> de S\u00e3o Paulo no ano retrasado.<\/p>\n<p>Rent: Os Bo\u00eamios<\/p>\n<p class=\"tagline\"><strong>Onde ver:<\/strong> SonyOne, 14 anos<\/p>\n<p>O filme \u00e9 20 anos atr\u00e1s, dirigido por Chris Columbus, e inspirado na revolucion\u00e1ria \u00f3pera-rock que ficou em cartaz na Broadway, em Nova York, por 12 anos, &#8220;Rent&#8221;, sobre um grupo de bo\u00eamios lutando<br \/>&#13;<br \/>\npara sobreviver e pagar o aluguel. Seu elenco tem Taye Diggs e Rosario Dawson.<\/p>\n<p>Tom &amp; Jerry: O Filme<\/p>\n<p class=\"tagline\"><strong>Onde ver:<\/strong> Megapix \u00e0s 21h, livre<\/p>\n<p>A <a href=\"https:\/\/www1.folha.uol.com.br\/fsp\/1994\/1\/07\/ilustrada\/11.html\" rel=\"nofollow noopener\" target=\"\">cl\u00e1ssica rivalidade entre o gato e o rato<\/a> vai para o mundo real, misturando anima\u00e7\u00e3o e live-action. Tom \u00e9 contratado para expulsar Jerry de um hotel de luxo em Nova York antes de um evento considerado &#8220;o casamento do s\u00e9culo&#8221;.<\/p>\n<p>Duetto<\/p>\n<p class=\"tagline\"><strong>Onde ver:<\/strong> Canal Brasil, 23h30, 14 anos<\/p>\n<p>Dirigido por Vicente Amorim e ambientado entre o Brasil e a It\u00e1lia dos anos 1960, <a href=\"https:\/\/www1.folha.uol.com.br\/ilustrada\/2022\/10\/duetto-e-ambicioso-ao-buscar-em-saga-familiar-tensao-do-golpe-de-1964.shtml\" rel=\"nofollow noopener\" target=\"\">o filme acompanha uma adolescente<\/a> que, ap\u00f3s a morte do pai, viaja com a av\u00f3 para a terra natal da fam\u00edlia, na regi\u00e3o de Ap\u00falia. <a href=\"https:\/\/www1.folha.uol.com.br\/folha-topicos\/marieta-severo\/\" rel=\"nofollow noopener\" target=\"_blank\">Marieta Severo<\/a>, <a href=\"https:\/\/www1.folha.uol.com.br\/folha-topicos\/luisa-arraes\/\" rel=\"nofollow noopener\" target=\"_blank\">Luisa Arraes<\/a> e Giancarlo Giannini est\u00e3o no elenco.<\/p>\n","protected":false},"excerpt":{"rendered":"Come\u00e7a a temporada de pr\u00eamios de 2026 com o Critics Choice Awards, cerim\u00f4nia transmitida ao vivo de Los&hellip;\n","protected":false},"author":2,"featured_media":214108,"comment_status":"","ping_status":"","sticky":false,"template":"","format":"standard","meta":{"footnotes":""},"categories":[140],"tags":[8149,470,6724,114,115,147,471,148,236,753,41829,1626,2153,30279,9862,1627,146,1623,716,2931,2158,7257,596,32,3304,1587,703,33,29199,941,940,2387,218,41488,9514,41828,600,12348],"class_list":{"0":"post-214107","1":"post","2":"type-post","3":"status-publish","4":"format-standard","5":"has-post-thumbnail","7":"category-filmes","8":"tag-canal-brasil","9":"tag-cinema","10":"tag-cinema-brasileiro","11":"tag-entertainment","12":"tag-entretenimento","13":"tag-film","14":"tag-filme","15":"tag-filmes","16":"tag-folha","17":"tag-globo","18":"tag-guel-arraes","19":"tag-hbo","20":"tag-kleber-mendonca-filho","21":"tag-luisa-arraes","22":"tag-marieta-severo","23":"tag-max","24":"tag-movies","25":"tag-multitela","26":"tag-netflix","27":"tag-novela","28":"tag-o-agente-secreto","29":"tag-o-auto-da-compadecida","30":"tag-paul-thomas-anderson","31":"tag-portugal","32":"tag-premio","33":"tag-prime-video","34":"tag-programacao","35":"tag-pt","36":"tag-ryan-coogler","37":"tag-series","38":"tag-streaming","39":"tag-teatro","40":"tag-televisao","41":"tag-the-pitt","42":"tag-tnt","43":"tag-tom-jerry","44":"tag-veja-video","45":"tag-wagner-moura"},"share_on_mastodon":{"url":"","error":"Validation failed: Text character limit of 500 exceeded"},"_links":{"self":[{"href":"https:\/\/www.europesays.com\/pt\/wp-json\/wp\/v2\/posts\/214107","targetHints":{"allow":["GET"]}}],"collection":[{"href":"https:\/\/www.europesays.com\/pt\/wp-json\/wp\/v2\/posts"}],"about":[{"href":"https:\/\/www.europesays.com\/pt\/wp-json\/wp\/v2\/types\/post"}],"author":[{"embeddable":true,"href":"https:\/\/www.europesays.com\/pt\/wp-json\/wp\/v2\/users\/2"}],"replies":[{"embeddable":true,"href":"https:\/\/www.europesays.com\/pt\/wp-json\/wp\/v2\/comments?post=214107"}],"version-history":[{"count":0,"href":"https:\/\/www.europesays.com\/pt\/wp-json\/wp\/v2\/posts\/214107\/revisions"}],"wp:featuredmedia":[{"embeddable":true,"href":"https:\/\/www.europesays.com\/pt\/wp-json\/wp\/v2\/media\/214108"}],"wp:attachment":[{"href":"https:\/\/www.europesays.com\/pt\/wp-json\/wp\/v2\/media?parent=214107"}],"wp:term":[{"taxonomy":"category","embeddable":true,"href":"https:\/\/www.europesays.com\/pt\/wp-json\/wp\/v2\/categories?post=214107"},{"taxonomy":"post_tag","embeddable":true,"href":"https:\/\/www.europesays.com\/pt\/wp-json\/wp\/v2\/tags?post=214107"}],"curies":[{"name":"wp","href":"https:\/\/api.w.org\/{rel}","templated":true}]}}