{"id":214113,"date":"2026-01-04T02:50:19","date_gmt":"2026-01-04T02:50:19","guid":{"rendered":"https:\/\/www.europesays.com\/pt\/214113\/"},"modified":"2026-01-04T02:50:19","modified_gmt":"2026-01-04T02:50:19","slug":"vem-ai-terra-forte-antonio-impede-que-flor-descubra-namoro-de-dudu-e-rosinha-novelas","status":"publish","type":"post","link":"https:\/\/www.europesays.com\/pt\/214113\/","title":{"rendered":"Vem a\u00ed \u00abTerra Forte\u00bb: Ant\u00f3nio impede que Flor descubra namoro de Dudu e Rosinha &#8211; Novelas"},"content":{"rendered":"<p data-end=\"388\" data-start=\"118\">Em \u00abTerra Forte\u00bb, a fam\u00edlia revela a <a href=\"https:\/\/tvi.iol.pt\/novelas\/videos\/terra-forte-no-dia-do-seu-aniversario-flor-recebe-uma-visita-inesperada\/68f65c7a0cf29d28d82976c8\" rel=\"nofollow noopener\" target=\"_blank\">Flor (Benedita Pereira)<\/a> que <a href=\"https:\/\/tvi.iol.pt\/novelas\/videos\/terra-forte-rosinha-salva-a-vida-de-dudu\/68f61d030cf29d28d8297586\" rel=\"nofollow noopener\" target=\"_blank\">Rosinha (Francisca Salgado<\/a>)<strong data-end=\"275\" data-start=\"202\"> <\/strong> e <strong data-end=\"173\" data-start=\"164\">Magui<\/strong> dormiram no seu quarto para que <a href=\"https:\/\/tvi.iol.pt\/novelas\/ator\/antonio\/68ee5b98d34e58bc6796e13a\" rel=\"nofollow noopener\" target=\"_blank\">Ant\u00f3nio (Jo\u00e3o Catarr\u00e9)<\/a> n\u00e3o sentisse saudades. Mais tarde, quando <a href=\"https:\/\/tvi.iol.pt\/novelas\/videos\/terra-forte-dudu-apresenta-rosinha-a-sammy-e-a-rosa-maria\/68f7b86d0cf29d28d8297a76\" rel=\"nofollow noopener\" target=\"_blank\">Dudu (Tom\u00e1s Taborda)<\/a><strong data-end=\"275\" data-start=\"202\"> <\/strong> elogia Rosinha e lhe d\u00e1 a m\u00e3o, Flor observa a cena com <strong data-end=\"337\" data-start=\"324\">seriedade<\/strong>, deixando transparecer a sua aten\u00e7\u00e3o e reflex\u00e3o.<\/p>\n<p data-end=\"679\" data-start=\"390\">Enquanto isso, <strong data-end=\"429\" data-start=\"405\">Dudu, Rosinha e <\/strong><a href=\"https:\/\/tvi.iol.pt\/novelas\/videos\/terra-forte-foi-dani-a-filha-de-maria-de-fatima-que-atingiu-a-propria-mae\/68f61cd50cf285ab53a6aaf8\" rel=\"nofollow noopener\" target=\"_blank\">Dani (Camy Ribau)<\/a>\u00a0ficam confusos com o comportamento de Ant\u00f3nio, que insiste para que n\u00e3o contem a Flor sobre o namoro entre Dudu e Rosinha. Eles n\u00e3o compreendem a justificativa de Ant\u00f3nio, alegando que Flor ainda n\u00e3o est\u00e1 recuperada, j\u00e1 que ela aparenta estar bem. Dani d\u00e1 a m\u00e3o a Rosinha para encobrir a atitude de Dudu, enquanto Flor continua desconfiada. <strong data-end=\"1290\" data-start=\"1220\"><a href=\"https:\/\/tvi.iol.pt\/novelas\/ator\/maria-de-fatima\/68ee548bd34ee0c2fed13d9c\" rel=\"nofollow noopener\" target=\"_blank\">Maria de F\u00e1tima (Rita Pereira)<\/a><\/strong> chega e abra\u00e7a Flor com grande cumplicidade.<\/p>\n<p data-end=\"1001\" data-start=\"681\"><a href=\"https:\/\/tvi.iol.pt\/novelas\/ator\/rosa-maria\/68ee586ed34e58bc6796e114\" rel=\"nofollow noopener\" target=\"_blank\">Rosa Maria (Cust\u00f3dia Gallego)<\/a> tamb\u00e9m se mostra surpreendida e admite n\u00e3o entender por que Ant\u00f3nio quer esconder a rela\u00e7\u00e3o de Flor. Ant\u00f3nio tenta disfar\u00e7ar, afirmando acreditar que o namoro <strong data-end=\"872\" data-start=\"855\">n\u00e3o vai durar<\/strong> e que, por isso, n\u00e3o vale a pena preocupar Flor com isso. Apesar das d\u00favidas iniciais, Rosa Maria acaba por concordar com ele.<\/p>\n<p data-end=\"1001\" data-start=\"681\">A familia tem sido um verdadeiro entrave para este casal, ora veja:\u00a0<\/p>\n","protected":false},"excerpt":{"rendered":"Em \u00abTerra Forte\u00bb, a fam\u00edlia revela a Flor (Benedita Pereira) que Rosinha (Francisca Salgado) e Magui dormiram no&hellip;\n","protected":false},"author":2,"featured_media":202305,"comment_status":"","ping_status":"","sticky":false,"template":"","format":"standard","meta":{"footnotes":""},"categories":[142],"tags":[160,7951,166,114,115,157,167,2727,164,161,158,165,159,32,33,156,5871,163,27916,151,162],"class_list":{"0":"post-214113","1":"post","2":"type-post","3":"status-publish","4":"format-standard","5":"has-post-thumbnail","7":"category-tv","8":"tag-ana-guiomar","9":"tag-benedita-pereira","10":"tag-cristina-ferreira","11":"tag-entertainment","12":"tag-entretenimento","13":"tag-festa-e-festa","14":"tag-ficcao","15":"tag-joao-catarre","16":"tag-jose-fidalgo","17":"tag-novelas","18":"tag-para-sempre","19":"tag-pedro-sousa","20":"tag-pedro-teixeira","21":"tag-portugal","22":"tag-pt","23":"tag-queridos-papas","24":"tag-rita-pereira","25":"tag-tiago-teotonio-pereira","26":"tag-tomas-taborda","27":"tag-tv","28":"tag-tvi"},"share_on_mastodon":{"url":"https:\/\/pubeurope.com\/@pt\/115834560323282779","error":""},"_links":{"self":[{"href":"https:\/\/www.europesays.com\/pt\/wp-json\/wp\/v2\/posts\/214113","targetHints":{"allow":["GET"]}}],"collection":[{"href":"https:\/\/www.europesays.com\/pt\/wp-json\/wp\/v2\/posts"}],"about":[{"href":"https:\/\/www.europesays.com\/pt\/wp-json\/wp\/v2\/types\/post"}],"author":[{"embeddable":true,"href":"https:\/\/www.europesays.com\/pt\/wp-json\/wp\/v2\/users\/2"}],"replies":[{"embeddable":true,"href":"https:\/\/www.europesays.com\/pt\/wp-json\/wp\/v2\/comments?post=214113"}],"version-history":[{"count":0,"href":"https:\/\/www.europesays.com\/pt\/wp-json\/wp\/v2\/posts\/214113\/revisions"}],"wp:featuredmedia":[{"embeddable":true,"href":"https:\/\/www.europesays.com\/pt\/wp-json\/wp\/v2\/media\/202305"}],"wp:attachment":[{"href":"https:\/\/www.europesays.com\/pt\/wp-json\/wp\/v2\/media?parent=214113"}],"wp:term":[{"taxonomy":"category","embeddable":true,"href":"https:\/\/www.europesays.com\/pt\/wp-json\/wp\/v2\/categories?post=214113"},{"taxonomy":"post_tag","embeddable":true,"href":"https:\/\/www.europesays.com\/pt\/wp-json\/wp\/v2\/tags?post=214113"}],"curies":[{"name":"wp","href":"https:\/\/api.w.org\/{rel}","templated":true}]}}