{"id":214125,"date":"2026-01-04T03:13:38","date_gmt":"2026-01-04T03:13:38","guid":{"rendered":"https:\/\/www.europesays.com\/pt\/214125\/"},"modified":"2026-01-04T03:13:38","modified_gmt":"2026-01-04T03:13:38","slug":"realidade-virtual-abre-portas-para-idosos-criarem-lacos-na-vida-real","status":"publish","type":"post","link":"https:\/\/www.europesays.com\/pt\/214125\/","title":{"rendered":"Realidade virtual abre portas para idosos criarem la\u00e7os na vida real"},"content":{"rendered":"<p data-component-name=\"paragraph\" class=\"styles__ParagraphStyled-sc-6adecn-0 gsLklW  \">Como muitas <a href=\"https:\/\/www.estadao.com.br\/saude\/ja-pensou-em-envelhecer-em-um-condominio-com-amigos-ideia-de-cohousing-avanca-no-brasil-conheca\/\" target=\"_blank\" rel=\"nofollow noopener\" title=\"https:\/\/www.estadao.com.br\/saude\/ja-pensou-em-envelhecer-em-um-condominio-com-amigos-ideia-de-cohousing-avanca-no-brasil-conheca\/\">comunidades de aposentados<\/a> nos Estados Unidos, The Terraces serve como um ref\u00fagio tranquilo para um n\u00facleo de idosos que n\u00e3o podem mais viajar para lugares distantes ou se aventurar em atividades radicais.<\/p>\n<p>Mas eles ainda podem ser transportados de volta aos seus dias de esp\u00edrito aventureiro e busca por emo\u00e7\u00f5es fortes sempre que os cuidadores da comunidade em Los Gatos, Calif\u00f3rnia, agendam uma data para que os residentes \u2014 muitos dos quais t\u00eam entre 80 e 90 anos \u2014 se revezem usando \u00f3culos de realidade virtual.<\/p>\n<p>Em quest\u00e3o de minutos, os headsets podem transport\u00e1-los para a Europa, lev\u00e1-los \u00e0s profundezas do oceano ou envi\u00e1-los para expedi\u00e7\u00f5es de asa-delta de tirar o f\u00f4lego, enquanto permanecem sentados lado a lado. A sele\u00e7\u00e3o da programa\u00e7\u00e3o de realidade virtual foi feita pela Rendever, empresa que transformou uma tecnologia que por vezes isola os usu\u00e1rios em um catalisador para <a href=\"https:\/\/www.estadao.com.br\/saude\/lacos-sociais-ajudam-a-viver-mais-o-que-isso-significa-para-os-introvertidos\/\" target=\"_blank\" rel=\"nofollow noopener\" title=\"https:\/\/www.estadao.com.br\/saude\/lacos-sociais-ajudam-a-viver-mais-o-que-isso-significa-para-os-introvertidos\/\">melhorar a cogni\u00e7\u00e3o e as conex\u00f5es sociais<\/a> em 800 comunidades de aposentados nos Estados Unidos e Canad\u00e1.<\/p>\n<p><img  loading=\"lazy\" class=\"lazy-load-img\"\/><\/p>\n<p>Jim Holtshouse utiliza os \u00f3culos de realidade virtual em uma comunidade em Cupertino, Calif\u00f3rnia.\u00a0Foto:  Terry Chea\/AP Photo<\/p>\n<p data-component-name=\"paragraph\" class=\"styles__ParagraphStyled-sc-6adecn-0 gsLklW  \">Moradores do The Terraces que participaram de uma sess\u00e3o de realidade virtual no in\u00edcio deste ano se viram remando ao lado de suas cadeiras enquanto nadavam com um grupo de golfinhos assistindo a um dos programas 3D da Rendever. \u201cConseguimos ir para debaixo d\u2019\u00e1gua e nem precisamos prender a respira\u00e7\u00e3o!\u201d, exclamou Ginny Baird, de 81 anos, ap\u00f3s a imers\u00e3o virtual.<\/p>\n<p data-component-name=\"paragraph\" class=\"styles__ParagraphStyled-sc-6adecn-0 gsLklW  \">Durante uma sess\u00e3o que inclu\u00eda um passeio virtual de bal\u00e3o de ar quente, um residente exclamou: \u201cMeu Deus!\u201d. Outro estremeceu: \u201c\u00c9 dif\u00edcil de assistir!\u201d.<\/p>\n<p data-component-name=\"paragraph\" class=\"styles__ParagraphStyled-sc-6adecn-0 gsLklW  \">A tecnologia tamb\u00e9m pode ser usada para levar virtualmente idosos de volta aos lugares onde cresceram. Para alguns, \u00e9 a primeira vez em d\u00e9cadas que veem suas cidades natais.<\/p>\n<p data-component-name=\"paragraph\" class=\"styles__ParagraphStyled-sc-6adecn-0 gsLklW  \">Uma viagem virtual ao bairro de sua inf\u00e2ncia no distrito do Queens, em Nova York, ajudou a convencer Sue Livingstone, de 84 anos, dos m\u00e9ritos da tecnologia de realidade virtual, embora ela ainda consiga sair de casa com mais frequ\u00eancia do que muitos moradores do The Terraces, localizado no Vale do Sil\u00edcio, a cerca de 88 quil\u00f4metros ao sul de S\u00e3o Francisco.<\/p>\n<p data-component-name=\"paragraph\" class=\"styles__ParagraphStyled-sc-6adecn-0 gsLklW  \">\u201cN\u00e3o se trata apenas de poder ver isso de novo, mas de todas as mem\u00f3rias que isso traz \u00e0 tona\u201d, diz Sue. \u201cH\u00e1 algumas pessoas que moram aqui que nunca saem da sua zona de conforto. Mas se voc\u00ea conseguisse convenc\u00ea-las a experimentar um headset, elas poderiam descobrir que realmente gostam.\u201d<\/p>\n<p data-component-name=\"paragraph\" class=\"styles__ParagraphStyled-sc-6adecn-0 gsLklW  \">Adrian Marshall, diretor de vida comunit\u00e1ria do The Terraces, afirma que, uma vez que a not\u00edcia sobre uma experi\u00eancia de realidade virtual se espalha de um morador para outro, mais pessoas que nunca a experimentaram ficam curiosas o suficiente para test\u00e1-la \u2014 mesmo que isso signifique perder a oportunidade de jogar Mexican Train, um jogo de tabuleiro semelhante a domin\u00f3 que \u00e9 popular na comunidade.<\/p>\n<p data-component-name=\"paragraph\" class=\"styles__ParagraphStyled-sc-6adecn-0 gsLklW  \">\u201cIsso se torna um ponto de partida para conversas. Realmente conecta as pessoas\u201d, avalia Marshall sobre a programa\u00e7\u00e3o de realidade virtual. \u201cAjuda a criar uma ponte que as faz perceber que compartilham certas semelhan\u00e7as e interesses. Transforma o mundo artificial em realidade.\u201d<\/p>\n<p><img  loading=\"lazy\" class=\"lazy-load-img\"\/><\/p>\n<p>Bob Rogallo testa os \u00f3culos de realidade virtual.\u00a0Foto:  Terry Chea\/AP Photo<\/p>\n<p data-component-name=\"paragraph\" class=\"styles__ParagraphStyled-sc-6adecn-0 gsLklW  \">A Rendever, empresa privada com sede em Somerville, Massachusetts, espera expandir sua plataforma para residenciais de idosos com uma recente doa\u00e7\u00e3o dos Institutos Nacionais de Sa\u00fade (NIH), que fornecer\u00e3o quase US$ 4,5 milh\u00f5es para estudar maneiras de reduzir o isolamento social entre idosos que vivem em casa e seus cuidadores.<\/p>\n<p data-component-name=\"paragraph\" class=\"styles__ParagraphStyled-sc-6adecn-0 gsLklW  \">Alguns estudos descobriram que a programa\u00e7\u00e3o de realidade virtual, apresentada em um formato de visualiza\u00e7\u00e3o limitado, pode ajudar os idosos a manter e melhorar as fun\u00e7\u00f5es cognitivas, aprimorar a mem\u00f3ria e fortalecer os la\u00e7os sociais com suas fam\u00edlias e outros residentes de institui\u00e7\u00f5es de longa perman\u00eancia. Especialistas afirmam que a tecnologia pode ser \u00fatil como um complemento, e n\u00e3o como um substituto, para outras atividades.<\/p>\n<p class=\"ads-placeholder-label\">CONTiNUA AP\u00d3S PUBLICIDADE<\/p>\n<p>\u201cSempre existe o risco de passar muito tempo em frente \u00e0s telas\u201d, afirma Katherine \u201cKate\u201d Dupuis, neuropsic\u00f3loga e professora que estuda quest\u00f5es relacionadas ao envelhecimento no Sheridan College, no Canad\u00e1. \u201cMas, se usado com cautela, com significado e prop\u00f3sito, pode ser muito \u00fatil. Pode ser uma oportunidade para os idosos interagirem com algu\u00e9m e compartilharem um sentimento de admira\u00e7\u00e3o.\u201d<\/p>\n<p>Os \u00f3culos de realidade virtual podem ser uma maneira mais f\u00e1cil para os idosos interagirem com a tecnologia, em vez de terem que se atrapalhar com um smartphone ou outro dispositivo que exige navegar por bot\u00f5es ou outros mecanismos, diz Pallabi Bhowmick, pesquisadora da Universidade de Illinois em Urbana-Champaign, que est\u00e1 examinando o uso da realidade virtual na terceira idade.<\/p>\n<p>\u201cOs estere\u00f3tipos de que os idosos n\u00e3o est\u00e3o dispostos a experimentar novas tecnologias precisam mudar porque eles est\u00e3o dispostos e querem se adaptar a tecnologias que sejam significativas para eles\u201d, afirma Pallabi. \u201cAl\u00e9m de ajud\u00e1-los a aliviar o estresse, se entreter e se conectar com outras pessoas, h\u00e1 um aspecto intergeracional que pode ajud\u00e1-los a construir relacionamentos com pessoas mais jovens que descobrem que eles usam realidade virtual e dizem: \u2018O vov\u00f4 \u00e9 legal!\u2019.\u201d<\/p>\n<p data-component-name=\"paragraph\" class=\"styles__ParagraphStyled-sc-6adecn-0 gsLklW  \">O interesse de Kyle Rand, CEO da Rendever, em ajudar sua pr\u00f3pria av\u00f3 a lidar com os desafios emocionais e mentais do envelhecimento o levou a cofundar a empresa em 2016, ap\u00f3s estudar neuroengenharia na Universidade Duke.<\/p>\n<p>\u201cO que realmente me fascina nos seres humanos \u00e9 o quanto<a href=\"https:\/\/www.estadao.com.br\/saude\/a-maioria-dos-superidosos-compartilha-uma-unica-qualidade-aponta-estudo\/\" target=\"_blank\" rel=\"nofollow noopener\" title=\"https:\/\/www.estadao.com.br\/saude\/a-maioria-dos-superidosos-compartilha-uma-unica-qualidade-aponta-estudo\/\"> nosso c\u00e9rebro depende da conex\u00e3o social<\/a> e o quanto aprendemos com os outros\u201d, afirma Rand. \u201cIdosos que n\u00e3o se conhecem muito bem podem se reunir, passar 30 minutos juntos em uma experi\u00eancia de realidade virtual e depois almo\u00e7ar juntos enquanto continuam a conversar sobre a experi\u00eancia.\u201d<\/p>\n<p>\u00c9 um mercado t\u00e3o grande que outra especialista em realidade virtual, a Mynd Immersive, com sede em Dallas, compete com a Rendever oferecendo servi\u00e7os personalizados para comunidades de idosos.<\/p>\n<p data-component-name=\"paragraph\" class=\"styles__ParagraphStyled-sc-6adecn-0 gsLklW  \">Al\u00e9m de ajudar a criar conex\u00f5es sociais, a programa\u00e7\u00e3o de realidade virtual da Rendever e da Mynd tem sido utilizada como uma poss\u00edvel ferramenta para retardar os efeitos nocivos da dem\u00eancia. \u00c9 assim que outro condom\u00ednio para idosos do Vale do Sil\u00edcio, o Forum, \u00e0s vezes utiliza a tecnologia.<\/p>\n<p data-component-name=\"paragraph\" class=\"styles__ParagraphStyled-sc-6adecn-0 gsLklW  \">Bob Rogallo, um residente do Forum diagnosticado com dem\u00eancia e que perdeu a fala, parecia estar se divertindo fazendo uma caminhada virtual pelo Parque Nacional Glacier, em Montana, enquanto acenava com a cabe\u00e7a e sorria ao comemorar seu 83\u00ba anivers\u00e1rio com sua esposa, com quem \u00e9 casado h\u00e1 61 anos.<\/p>\n<p data-component-name=\"paragraph\" class=\"styles__ParagraphStyled-sc-6adecn-0 gsLklW  \">Sallie Rogallo afirma que a experi\u00eancia trouxe de volta boas lembran\u00e7as das visitas do casal ao mesmo parque durante os mais de 30 anos que passaram viajando de carro pelos Estados Unidos.<\/p>\n<p data-component-name=\"paragraph\" class=\"styles__ParagraphStyled-sc-6adecn-0 gsLklW  \">\u201cMe fez desejar ter 30 anos a menos para poder fazer tudo de novo\u201d, diz ela sobre a visita virtual ao Parque Nacional Glacier. \u201cPermite que voc\u00ea saia do mesmo ambiente e v\u00e1 para um lugar novo ou visite lugares que voc\u00ea j\u00e1 conhece.\u201d<\/p>\n<p data-component-name=\"paragraph\" class=\"styles__ParagraphStyled-sc-6adecn-0 gsLklW  \">Em outra sess\u00e3o no F\u00f3rum, Almut Schultz, de 93 anos, riu de alegria enquanto assistia a uma apresenta\u00e7\u00e3o virtual de m\u00fasica cl\u00e1ssica no Anfiteatro Red Rocks, no Colorado, e mais tarde pareceu querer brincar com um cachorrinho que se divertia ao seu redor.<\/p>\n<p data-component-name=\"paragraph\" class=\"styles__ParagraphStyled-sc-6adecn-0 gsLklW  \">\u201cFoi uma sess\u00e3o e tanto\u201d, afirmou Almut com um largo sorriso depois de tirar os fones de ouvido e voltar \u00e0 realidade.<\/p>\n<p data-component-name=\"paragraph\" class=\"styles__ParagraphStyled-sc-6adecn-0 gsLklW  \">Este conte\u00fado foi traduzido com o aux\u00edlio de ferramentas de Intelig\u00eancia Artificial e revisado por nossa equipe editorial. <a href=\"https:\/\/www.estadao.com.br\/link\/estadao-define-politica-de-uso-de-ferramentas-de-inteligencia-artificial-por-seus-jornalistas-veja\/\" target=\"_blank\" rel=\"nofollow noopener\"><strong>Saiba mais em nossa Pol\u00edtica de IA<\/strong><\/a>.<\/p>\n","protected":false},"excerpt":{"rendered":"Como muitas comunidades de aposentados nos Estados Unidos, The Terraces serve como um ref\u00fagio tranquilo para um n\u00facleo&hellip;\n","protected":false},"author":2,"featured_media":214126,"comment_status":"","ping_status":"","sticky":false,"template":"","format":"standard","meta":{"footnotes":""},"categories":[84],"tags":[40526,1772,11447,109,107,108,40527,15115,7411,379,11456,18211,385,386,10673,5495,389,391,32424,1793,398,11905,8590,33497,7420,32,11906,33,13693,30092,105,103,104,40528,40529,3545,11786,410,106,110,15127,14319,7430,40530],"class_list":{"0":"post-214125","1":"post","2":"type-post","3":"status-publish","4":"format-standard","5":"has-post-thumbnail","7":"category-ciencia-e-tecnologia","8":"tag-antioxidant","9":"tag-background","10":"tag-beverage","11":"tag-ciencia","12":"tag-ciencia-e-tecnologia","13":"tag-cienciaetecnologia","14":"tag-citrus","15":"tag-color","16":"tag-cut","17":"tag-delicious","18":"tag-drink","19":"tag-exotic","20":"tag-food","21":"tag-fresh","22":"tag-fruit","23":"tag-glass","24":"tag-healthy","25":"tag-ingredient","26":"tag-juice","27":"tag-liquid","28":"tag-natural","29":"tag-nobody","30":"tag-object","31":"tag-orange","32":"tag-organic","33":"tag-portugal","34":"tag-product","35":"tag-pt","36":"tag-refreshing","37":"tag-refreshment","38":"tag-science","39":"tag-science-and-technology","40":"tag-scienceandtechnology","41":"tag-slices","42":"tag-sour","43":"tag-sweet","44":"tag-table","45":"tag-tasty","46":"tag-technology","47":"tag-tecnologia","48":"tag-tropical","49":"tag-vitamin","50":"tag-wooden","51":"tag-yummy"},"share_on_mastodon":{"url":"","error":"Validation failed: Text character limit of 500 exceeded"},"_links":{"self":[{"href":"https:\/\/www.europesays.com\/pt\/wp-json\/wp\/v2\/posts\/214125","targetHints":{"allow":["GET"]}}],"collection":[{"href":"https:\/\/www.europesays.com\/pt\/wp-json\/wp\/v2\/posts"}],"about":[{"href":"https:\/\/www.europesays.com\/pt\/wp-json\/wp\/v2\/types\/post"}],"author":[{"embeddable":true,"href":"https:\/\/www.europesays.com\/pt\/wp-json\/wp\/v2\/users\/2"}],"replies":[{"embeddable":true,"href":"https:\/\/www.europesays.com\/pt\/wp-json\/wp\/v2\/comments?post=214125"}],"version-history":[{"count":0,"href":"https:\/\/www.europesays.com\/pt\/wp-json\/wp\/v2\/posts\/214125\/revisions"}],"wp:featuredmedia":[{"embeddable":true,"href":"https:\/\/www.europesays.com\/pt\/wp-json\/wp\/v2\/media\/214126"}],"wp:attachment":[{"href":"https:\/\/www.europesays.com\/pt\/wp-json\/wp\/v2\/media?parent=214125"}],"wp:term":[{"taxonomy":"category","embeddable":true,"href":"https:\/\/www.europesays.com\/pt\/wp-json\/wp\/v2\/categories?post=214125"},{"taxonomy":"post_tag","embeddable":true,"href":"https:\/\/www.europesays.com\/pt\/wp-json\/wp\/v2\/tags?post=214125"}],"curies":[{"name":"wp","href":"https:\/\/api.w.org\/{rel}","templated":true}]}}