{"id":214131,"date":"2026-01-04T03:24:18","date_gmt":"2026-01-04T03:24:18","guid":{"rendered":"https:\/\/www.europesays.com\/pt\/214131\/"},"modified":"2026-01-04T03:24:18","modified_gmt":"2026-01-04T03:24:18","slug":"santa-clara-pede-3-milhoes-de-euros-por-uma-das-revelacoes-da-equipa","status":"publish","type":"post","link":"https:\/\/www.europesays.com\/pt\/214131\/","title":{"rendered":"Santa Clara pede 3 milh\u00f5es de euros por uma das revela\u00e7\u00f5es da equipa"},"content":{"rendered":"<p>&#8211; Advertisement &#8211;<\/p>\n<p><strong>O Santa Clara n\u00e3o pretende facilitar nas negocia\u00e7\u00f5es por Brenner Lucas. O avan\u00e7ado brasileiro de 24 anos s\u00f3 sair\u00e1 por um valor perto dos tr\u00eas milh\u00f5es de euros.<\/strong><\/p>\n<p>Brenner Lucas tem estado em destaque no Santa Clara e o <a href=\"https:\/\/bolanarede.pt\/etiqueta\/santa-clara\/\" target=\"_blank\" rel=\"noreferrer noopener nofollow\">clube dos A\u00e7ores<\/a> j\u00e1 rejeitou duas propostas pelo avan\u00e7ado. Segundo o Record, a equipa da Primeira Liga n\u00e3o pretende deixar que o avan\u00e7ado de 24 anos deixe a equipa no mercado de janeiro e s\u00f3 aceitar\u00e1 negociar por um valor a rondar os tr\u00eas milh\u00f5es de euros.<\/p>\n<p>Depois de ter trocado o Alverca pelo Santa Clara no ver\u00e3o, Brenner Lucas acabou por se assumir na equipa dos A\u00e7ores, tendo ganho protagonismo nas escolhas de Vasco Matos.<\/p>\n<p>Face \u00e0 sondagem de v\u00e1rias equipa, incluindo do Ju\u00e1rez, do M\u00e9xico, o Santa Clara colocou um pre\u00e7o de tr\u00eas milh\u00f5es de euros para negociar o jogador. Nesta temporada, soma 20 partidas pela equipa dos A\u00e7ores.<\/p>\n","protected":false},"excerpt":{"rendered":"&#8211; Advertisement &#8211; O Santa Clara n\u00e3o pretende facilitar nas negocia\u00e7\u00f5es por Brenner Lucas. O avan\u00e7ado brasileiro de&hellip;\n","protected":false},"author":2,"featured_media":214132,"comment_status":"","ping_status":"","sticky":false,"template":"","format":"standard","meta":{"footnotes":""},"categories":[87],"tags":[260,41830,135,32,479,33,423,134],"class_list":{"0":"post-214131","1":"post","2":"type-post","3":"status-publish","4":"format-standard","5":"has-post-thumbnail","7":"category-desporto","8":"tag-atualidade","9":"tag-brenner-lucas","10":"tag-desporto","11":"tag-portugal","12":"tag-primeira-liga","13":"tag-pt","14":"tag-santa-clara","15":"tag-sports"},"share_on_mastodon":{"url":"https:\/\/pubeurope.com\/@pt\/115834694021432959","error":""},"_links":{"self":[{"href":"https:\/\/www.europesays.com\/pt\/wp-json\/wp\/v2\/posts\/214131","targetHints":{"allow":["GET"]}}],"collection":[{"href":"https:\/\/www.europesays.com\/pt\/wp-json\/wp\/v2\/posts"}],"about":[{"href":"https:\/\/www.europesays.com\/pt\/wp-json\/wp\/v2\/types\/post"}],"author":[{"embeddable":true,"href":"https:\/\/www.europesays.com\/pt\/wp-json\/wp\/v2\/users\/2"}],"replies":[{"embeddable":true,"href":"https:\/\/www.europesays.com\/pt\/wp-json\/wp\/v2\/comments?post=214131"}],"version-history":[{"count":0,"href":"https:\/\/www.europesays.com\/pt\/wp-json\/wp\/v2\/posts\/214131\/revisions"}],"wp:featuredmedia":[{"embeddable":true,"href":"https:\/\/www.europesays.com\/pt\/wp-json\/wp\/v2\/media\/214132"}],"wp:attachment":[{"href":"https:\/\/www.europesays.com\/pt\/wp-json\/wp\/v2\/media?parent=214131"}],"wp:term":[{"taxonomy":"category","embeddable":true,"href":"https:\/\/www.europesays.com\/pt\/wp-json\/wp\/v2\/categories?post=214131"},{"taxonomy":"post_tag","embeddable":true,"href":"https:\/\/www.europesays.com\/pt\/wp-json\/wp\/v2\/tags?post=214131"}],"curies":[{"name":"wp","href":"https:\/\/api.w.org\/{rel}","templated":true}]}}