{"id":214143,"date":"2026-01-04T03:47:14","date_gmt":"2026-01-04T03:47:14","guid":{"rendered":"https:\/\/www.europesays.com\/pt\/214143\/"},"modified":"2026-01-04T03:47:14","modified_gmt":"2026-01-04T03:47:14","slug":"benfica-estoril-jose-mourinho-pos-jogo-liga","status":"publish","type":"post","link":"https:\/\/www.europesays.com\/pt\/214143\/","title":{"rendered":"Benfica Estoril Jos\u00e9 Mourinho P\u00f3s-jogo Liga"},"content":{"rendered":"<p>                            <strong>P\u00d3S-JOGO<\/strong><\/p>\n<p>Olhando para o desfecho do <strong><a href=\"https:\/\/www.slbenfica.pt\/pt-pt\/futebol\/plantel-principal\" rel=\"nofollow noopener\" target=\"_blank\">Benfica<\/a><\/strong>-Estoril (<strong><a href=\"https:\/\/www.slbenfica.pt\/pt-pt\/futebol\/match-center\/benfica-estoril-3-janeiro-2026\" rel=\"nofollow noopener\" target=\"_blank\">3-1<\/a><\/strong>), jogo da 17.\u00aa jornada da <strong><a href=\"https:\/\/www.slbenfica.pt\/pt-pt\/futebol\/classificacao?tournamentId=sr:tournament:238\" rel=\"nofollow noopener\" target=\"_blank\">Liga Betclic<\/a><\/strong>, disputado neste s\u00e1bado, 3 de janeiro, no Est\u00e1dio da Luz, Jos\u00e9 Mourinho n\u00e3o tem d\u00favidas em considerar que os encarnados obtiveram uma &#8220;vit\u00f3ria dif\u00edcil, mas merecida&#8221;.<\/p>\n<p>Antes da confer\u00eancia de imprensa, na <strong>zona de entrevistas r\u00e1pidas da <a href=\"https:\/\/www.slbenfica.pt\/pt-pt\/agora\/btv\" rel=\"nofollow noopener\" target=\"_blank\">BTV<\/a><\/strong>, o treinador das \u00e1guias fez uma primeira an\u00e1lise.<\/p>\n<p>&#8220;J\u00e1 est\u00e1vamos \u00e0 espera de um advers\u00e1rio dif\u00edcil e <strong>est\u00e1vamos preparados para isso<\/strong>. Tamb\u00e9m est\u00e1vamos preparados para, em alguns momentos, n\u00e3o pressionarmos muito alto, porque eles s\u00e3o uma equipa tecnicamente muito boa e conseguem desmontar muito bem esse tipo de press\u00e3o alta. Decidimos esperar um bocadinho mais. Mas n\u00e3o se pode sofrer aquele golo. N\u00e3o se pode pelo momento do golo, e n\u00e3o se pode pelo desenho do golo. Uma coisa \u00e9 ir 2-0 para o intervalo, e outra coisa \u00e9 ir 2-1. <strong>E a minha preocupa\u00e7\u00e3o ao intervalo foi, de facto, tentar que a equipa n\u00e3o sentisse demasiado aquele golo, porque a equipa estava frustrada<\/strong>. Em vez de estar contente por estar a ganhar, a equipa estava frustrada, zangada por ter sofrido o golo no momento em que foi e da maneira que foi. Depois, na 2.\u00aa parte, j\u00e1 est\u00e1vamos obviamente \u00e0 espera de que o Estoril tentasse pegar no jogo e ser mais ofensivo. O treinador ainda fez mais altera\u00e7\u00f5es para dar outra din\u00e2mica \u00e0 equipa, mas, honestamente, <strong>n\u00e3o houve um \u00fanico momento em que n\u00f3s suspir\u00e1ssemos de al\u00edvio com uma defesa fant\u00e1stica do Trubin ou com uma bola muito perigosa<\/strong>&#8220;, referiu.<\/p>\n<p><img decoding=\"async\" src=\"https:\/\/www.europesays.com\/pt\/wp-content\/uploads\/2026\/01\/dedic-1-thumbnail.jpg\" alt=\"Benfica-Estoril-18\" width=\"926px\" height=\"522px\"\/><\/p>\n<p>Refor\u00e7ando a <strong>import\u00e2ncia dos 3 pontos<\/strong> frente a um advers\u00e1rio &#8220;muito bom&#8221;, Jos\u00e9 Mourinho tamb\u00e9m abordou a situa\u00e7\u00e3o f\u00edsica de alguns jogadores.<\/p>\n<p>&#8220;Na parte final do jogo, tive de me benzer ao p\u00f4r o <strong>Aursnes<\/strong> em campo, porque era um <strong>risco grande<\/strong>, mas senti que a equipa, naquele momento, <strong>precisava da sua tranquilidade<\/strong>. A situa\u00e7\u00e3o do Aursnes \u00e9 preocupante, a <strong>les\u00e3o do Enzo [Barrenechea]&#8230; vamos ver quantas semanas \u00e9 que s\u00e3o<\/strong>, e, quantas semanas no m\u00eas de janeiro, significa quantos jogos \u00e9 que s\u00e3o. Depois, o <strong>Ant\u00f3nio [Silva]<\/strong> <strong>ia jogar e, no aquecimento, sentiu<\/strong>. Nesta altura em que n\u00f3s precisamos de todos, e de rodar alguma coisa e retirar alguns minutos a alguns jogadores, <strong>entramos nesta fase muito dif\u00edcil com menos armas<\/strong>. Mas hoje era importante ganhar, e fizemo-lo&#8221;, frisou.<\/p>\n<p>Por fim, o treinador do Benfica deixou <strong>elogios ao impacto do refor\u00e7o Sidny<\/strong>, que se <strong>estreou<\/strong> de \u00e1guia ao peito no duelo frente ao Estoril.<\/p>\n<p>&#8220;<strong>Precis\u00e1vamos da explos\u00e3o, da intensidade, do ritmo e da profundidade que o Sidny podia dar<\/strong>. Havia sempre aquele receiozinho do primeiro jogo no Est\u00e1dio da Luz, como \u00e9 que ele iria reagir. <strong>E ele entra, e a primeira coisa que faz \u00e9 boa<\/strong>. Depois, tem a personalidade de tirar o pontap\u00e9 de canto com qualidade, e depois participa no 3.\u00ba golo, que, a\u00ed, sim, <strong>acaba com o jogo<\/strong>&#8220;, disse.<\/p>\n<p><img decoding=\"async\" src=\"https:\/\/www.europesays.com\/pt\/wp-content\/uploads\/2026\/01\/festejos-2-0-thumbnail.jpg\" alt=\"Benfica-Estoril-12\" width=\"926px\" height=\"522px\"\/><\/p>\n<p><strong>VIT\u00d3RIA MERECIDA<\/strong><\/p>\n<p>&#8220;O Benfica teve dificuldades. Fez muita coisa bem, mas tamb\u00e9m fez alguma coisa errada. Eu gosto sempre de relativizar as coisas, e \u00e0s vezes os advers\u00e1rios t\u00eam culpa nas tuas dificuldades, nas tuas defici\u00eancias. Eles jogam bem, bem treinados, bons jogadores. Criam dificuldades tanto na posse, porque \u00e9 uma equipa que \u00e0s vezes mesmo sem te agredir muito, sem criar muitas oportunidades, \u00e9 uma equipa que esconde bem a bola, \u00e9 uma equipa que circula muito bem e mete muita gente dentro. Depois tem aqueles dois na frente que procuram atacar a profundidade. \u00c9 uma equipa que cria dificuldades. Na minha opini\u00e3o, n\u00e3o \u00e9 a melhor equipa para ser pressionada alto, porque, quando eles s\u00e3o pressionados alto, t\u00eam muita qualidade na primeira fase e desmontam a tua press\u00e3o, e depois a equipa fica partida. Isso aconteceu um par de vezes na 1.\u00aa parte, na 2.\u00aa j\u00e1 n\u00e3o aconteceu. S\u00e3o tamb\u00e9m uma equipa dif\u00edcil de analisar, dif\u00edcil de preparar o jogo, porque eles \u00e0s vezes t\u00eam comportamentos diferentes de jogo para jogo. Por exemplo, com o Braga jogaram praticamente ao homem, e no pontap\u00e9 de baliza via-se muitas vezes centrais fora de posi\u00e7\u00e3o e m\u00e9dios na posi\u00e7\u00e3o de central, exatamente por seguirem o seu jogador ao homem. Como eu disse na antevis\u00e3o do jogo, o Estoril \u00e9 uma equipa que apresenta dificuldades, tem uma maneira muito interessante de jogar, e n\u00f3s sab\u00edamos que ia ser dif\u00edcil. Aquilo que n\u00e3o podemos fazer \u00e9 sofrer um golo quando sofremos, como e quando sofremos. Depois de fazer 2-0, n\u00e3o se pode sofrer um golo ao minuto 47 ou 48 [45&#8217;+2&#8242; ou 45&#8217;+3&#8242;]. N\u00e3o se pode abordar um lance individual \u2013 ainda por cima contra um jogador mais criativo e melhor no drible do Estoril \u2013 com aquela fragilidade, e com aquela leviandade, quase, ou pouca responsabilidade. Porque uma coisa \u00e9 chegar ao intervalo 2-0, e outra coisa \u00e9 chegar ao intervalo 2-1. Ao intervalo, o meu trabalho foi taticamente analisar algumas imagens em v\u00eddeo muito r\u00e1pido, e fundamentalmente foi n\u00e3o deixar a equipa continuar frustrada, porque senti a frustra\u00e7\u00e3o a entrar no balne\u00e1rio. No final de contas est\u00e1vamos a ganhar, n\u00e3o est\u00e1vamos empatados nem a perder, e era tentar aliviar aquela press\u00e3o, aquela frustra\u00e7\u00e3o que se sentia. Portanto, acho que \u00e9 uma vit\u00f3ria que n\u00f3s merecemos. Na 2.\u00aa parte soubemos controlar bem o jogo. Quando o tent\u00e1mos acelerar, tivemos \u00eaxito nisso. Havia sempre um bocadinho de d\u00favida relativamente ao Sidny. Primeiro jogo em casa. A camisola do Benfica, o peso&#8230; entrou num momento j\u00e1 crucial do jogo. Havia sempre aquela d\u00favida. Ele retirou-nos as d\u00favidas logo no in\u00edcio, e depois assist\u00eancia para o terceiro golo. E a\u00ed, sim, o jogo acaba. Mas um bom Estoril e um bom jogo.&#8221;<\/p>\n<p><img decoding=\"async\" src=\"https:\/\/www.europesays.com\/pt\/wp-content\/uploads\/2026\/01\/aursnes-1-thumbnail.jpg\" alt=\"Benfica-Estoril-40\" width=\"926px\" height=\"522px\"\/><\/p>\n<p><strong>AUS\u00caNCIAS DE BARRENECHEA, ANT\u00d3NIO SILVA E AURSNES FORA DO ONZE<\/strong><\/p>\n<p>&#8220;H\u00e1 diversos problemas. O Enzo [Barrenechea] j\u00e1 se sabe mais ou menos desde ontem [sexta-feira]. O tempo de recupera\u00e7\u00e3o depende da abordagem m\u00e9dica \u00e0 situa\u00e7\u00e3o. O Jo\u00e3o Veloso tem uma situa\u00e7\u00e3o muito parecida com a dele contra\u00edda no jogo contra o Acad\u00e9mico de Viseu na Segunda Liga. Vamos ver qual \u00e9 a abordagem m\u00e9dica. Mas, com as semanas de 3 jogos que n\u00f3s vamos ter agora em janeiro, mesmo que a abordagem seja mais conservadora&#8230; perde jogos. E para n\u00f3s \u00e9 dif\u00edcil porque n\u00e3o temos tanta gente assim. O Ant\u00f3nio Silva sentiu o m\u00fasculo no aquecimento. Era o Ant\u00f3nio quem ia jogar, n\u00e3o era o Tom\u00e1s [Ara\u00fajo]. Na pr\u00e1tica, n\u00e3o \u00e9 um problema, n\u00e3o foi um problema jogar o Tom\u00e1s. Para n\u00f3s, s\u00e3o um bocadinho diferentes, mas em termos de qualidade n\u00e3o h\u00e1 grande diferen\u00e7a para n\u00f3s. Depois, o problema era que n\u00e3o t\u00ednhamos nenhum central no banco. E tamb\u00e9m temos o Wynder com uma les\u00e3o importante. E por outro lado queremos ajudar a Equipa B a estabilizar-se na classifica\u00e7\u00e3o, porque \u00e9 importante para n\u00f3s, Benfica, termos a Equipa B na Segunda Liga. Esta coisa de querer ajud\u00e1-los a terem jogadores com mais experi\u00eancia, agora entra tamb\u00e9m um bocadinho ali em conflito. Entre mim e o Ver\u00edssimo n\u00e3o h\u00e1 nem nunca haver\u00e1 conflitos, h\u00e1 s\u00f3 coopera\u00e7\u00e3o. [O Aursnes?] Tem um problema que j\u00e1 se arrasta h\u00e1 algum tempo. A acumula\u00e7\u00e3o de jogos, obviamente que n\u00e3o ajuda. Quisemos hoje evitar que ele jogasse, mas com o resultado em 2-1, e com poucas op\u00e7\u00f5es de estabilizar o jogo \u2013 e no momento em que meto o Sidny, que \u00e9 sempre um ponto de interroga\u00e7\u00e3o na estreia \u2013, tinha de tentar equilibrar do outro lado. Se as coisas n\u00e3o estivessem a correr bem pela esquerda, tinha um jogador na direita que me fechava o espa\u00e7o interior. Acabou por jogar ali 15, 20 minutinhos, sem grande esfor\u00e7o. Por exemplo, o pontap\u00e9 de canto n\u00e3o foi ele que o foi marcar. \u00c9 este tipo de prote\u00e7\u00e3o que se pode ter, mas neste momento \u00e9 um jogador de risco.&#8221;<\/p>\n<p><strong>ELOGIOS DE IAN CATHRO<\/strong><\/p>\n<p>&#8220;[Influ\u00eancia e as portas que Jos\u00e9 Mourinho abriu enquanto treinador que n\u00e3o foi jogador de profissional] S\u00e3o sempre palavras boas de ouvir. \u00c9 melhor ouvir isso do que ouvir exatamente o oposto. Mas acho que ele [Ian Cathro] tem uma trajet\u00f3ria muito pr\u00f3pria. Quer dizer, se eu, de certa maneira, abri portas a quem n\u00e3o foi um grande jogador, se eu abri portas a algu\u00e9m que venha mais do lado acad\u00e9mico do que propriamente do campo, \u00e9 natural que isso tenha acontecido quando eu iniciei naqueles anos de impacto s\u00fabito, digamos assim. \u00c9 normal que isso aconte\u00e7a, mas acho que ele tem uma trajet\u00f3ria&#8230; Ele est\u00e1 muito bem formado, se n\u00f3s quisermos dizer assim. Tem experi\u00eancia internacional, esteve muitos anos com o Nuno [Esp\u00edrito Santo], esteve na Ar\u00e1bia [Saudita], esteve em Inglaterra, esteve na Premier League, que \u00e9 sempre um palco de experi\u00eancia importante. E em Portugal est\u00e1 a deixar a sua marca, seja do ponto de vista da comunica\u00e7\u00e3o, do ponto de vista social, seja do ponto de vista do campo. A equipa tem l\u00e1 a fingerprint dele. Como eu dizia na confer\u00eancia de imprensa de ontem [sexta-feira], o Estoril encontrou uma estabilidade onde n\u00e3o precisa de olhar para tr\u00e1s. N\u00e3o tem de estar a olhar para tr\u00e1s com medo daquilo que est\u00e1 atr\u00e1s. N\u00e3o tem aquela responsabilidade de &#8216;n\u00f3s temos de acabar nos 3 primeiros ou nos 4 primeiros&#8217;. Encontraram ali uma plataforma de estabilidade onde eles desenvolvem um jogo que n\u00e3o \u00e9 s\u00f3 dizer que o jogo \u00e9 bonito, que \u00e0s vezes o jogo \u00e9 bonito, mas \u00e9 f\u00e1cil de ganhar. &#8216;Ah, eles jogam muito bem, mas n\u00f3s ganhamos f\u00e1cil&#8217; \u2013 n\u00e3o, eles criaram um jogo em que jogam efetivamente bem, \u00e9 agrad\u00e1vel de ver, mas ao mesmo tempo eles podem conseguir resultados importantes, mesmo com as equipas grandes. Por isso \u00e9 que eu dizia que, para n\u00f3s, \u00e9 uma vit\u00f3ria importante, dif\u00edcil, mas merecida, eu acho.&#8221;<\/p>\n<p><img decoding=\"async\" src=\"https:\/\/www.europesays.com\/pt\/wp-content\/uploads\/2026\/01\/manu-1-thumbnail.jpg\" alt=\"Benfica-Estoril-2\" width=\"926px\" height=\"522px\"\/><\/p>\n<p><strong>DESEMPENHO DE MANU<\/strong><\/p>\n<p>&#8220;O Manu posicionalmente \u00e9 muito Enzo [Barrenechea], s\u00e3o dois jogadores muito parecidos sob o ponto de vista posicional, s\u00e3o jogadores que d\u00e3o equil\u00edbrio \u00e0 equipa. Acho que o Manu, nesse sentido, fez um bom jogo. A diferen\u00e7a entre o Enzo e o Manu \u00e9 que o Enzo, se eu n\u00e3o estou enganado, s\u00f3 n\u00e3o jogou 3 jogos desde o in\u00edcio da \u00e9poca. Um por castigo, hoje o terceiro, e o segundo acho que \u00e9 o Faro, que foi o primeiro jogo que o Manu fez. E enquanto um s\u00f3 n\u00e3o jogou 2, o outro s\u00f3 jogou 2. E isso v\u00ea-se claramente no jogo, em que ao Manu ainda lhe falta aquela intensidade, aquele ritmo de jogo. Mas fez o seu papel bem, deu o equil\u00edbrio que a equipa precisava, contra uma equipa dif\u00edcil, uma equipa que deixa aqueles dois jogadores na frente e depois, no contra-ataque, vem com o terceiro, vem com o quarto homem, ele ajudou-nos ali naquele equil\u00edbrio, fez um jogo positivo para n\u00f3s.&#8221;<\/p>\n<p><img decoding=\"async\" src=\"https:\/\/www.europesays.com\/pt\/wp-content\/uploads\/2026\/01\/sidny-2-thumbnail.jpg\" alt=\"Benfica-Estoril-33\" width=\"926px\" height=\"522px\"\/><\/p>\n<p><strong>A PERSONALIDADE DE SIDNY<\/strong><\/p>\n<p>&#8220;O Sidny, a mim, ao Presidente, ao M\u00e1rio Branco, ao [Sim\u00e3o] Sabrosa, aos meus assistentes, que tamb\u00e9m participaram na an\u00e1lise do jogador&#8230; Para n\u00f3s, n\u00e3o foi surpresa. Agora, relativamente ao benfiquismo, relativamente \u00e0queles que estiveram hoje no est\u00e1dio e \u00e0queles que ficaram em casa a ver, s\u00f3 tens uma oportunidade de criar uma boa primeira impress\u00e3o. E ele conseguiu isso no jogo. Agora, se calhar as responsabilidades aumentam, porque as pessoas come\u00e7am a esperar mais dele. Ele considera que a sua melhor posi\u00e7\u00e3o \u00e9 de lateral, seja \u00e0 direita, seja \u00e0 esquerda. Eu acho que para ser lateral, comigo, falta qualquer coisa. Falta o saber muita coisa, falta o trabalhar connosco para aprender como n\u00f3s defendemos a linha de quatro. Mas como ala tem motor nas pernas, tem velocidade, tem sa\u00edda para os dois lados, tanto o p\u00e9 direito quanto o p\u00e9 esquerdo s\u00e3o iguais. E, fundamentalmente, mostrou uma coisa que \u00e9 sempre um ponto de interroga\u00e7\u00e3o, que \u00e9 como \u00e9 que o jogador se adapta, como \u00e9 que chega, como \u00e9 que aceita, digamos, o primeiro impacto. Uma coisa \u00e9 entrar a ganhar 3-0, outra coisa \u00e9 entrar a ganhar 2-1. Sempre com aquele espectro, aqui no Est\u00e1dio da Luz, dos pontos perdidos nos \u00faltimos minutos. E ele entrou com enorme confian\u00e7a, chega, bate um canto de perna na esquerda, bate uma falta direta, agarra na bola e leva-a at\u00e9 ao \u00faltimo ter\u00e7o. Depois cria a situa\u00e7\u00e3o do terceiro golo. E isso demonstra tamb\u00e9m que, do ponto de vista emocional, apesar de ele ser ainda um mi\u00fado e ter chegado s\u00f3 agora ao n\u00edvel do Benfica&#8230; Parab\u00e9ns tamb\u00e9m \u00e0queles que trabalharam com ele, seja na sele\u00e7\u00e3o, seja no Estrela [da Amadora], porque ele demonstrou essa maturidade.&#8221;<\/p>\n<p><strong>&#8220;VAMOS A ELES, VAMOS VER&#8221;<\/strong><\/p>\n<p>&#8220;[H\u00e1 uma frase de Jos\u00e9 Mourinho que muita gente n\u00e3o esquece quando era treinador do FC Porto, que \u00e9 &#8216;em condi\u00e7\u00f5es normais vamos ser campe\u00f5es e em condi\u00e7\u00f5es anormais tamb\u00e9m vamos ser campe\u00f5es&#8217;. Numa \u00e9poca at\u00edpica como est\u00e1 a ser esta, marcada por alguns esc\u00e2ndalos de arbitragem, o Benfica pode ser campe\u00e3o em condi\u00e7\u00f5es anormais?] \u00c9 uma frase antiga, dita em estados de maturidade diferentes. Mais maturidade, mais tranquilidade. Menos maturidade, algumas declara\u00e7\u00f5es um bocadinho mais dif\u00edceis. Quando cheguei ao FC Porto encontrei uma equipa muito mal treinada, encontrei uma equipa muito fraca, encontrei uma equipa que tinha tanto espa\u00e7o para melhorar, e eu acreditava tanto no meu trabalho, e que podia influenciar esse espa\u00e7o que havia de progress\u00e3o, que nem foi um risco eu dizer aquilo que disse. Eu sabia o trabalho que n\u00f3s est\u00e1vamos a fazer tamb\u00e9m para melhorar a equipa no ano seguinte, e depois os resultados confirmam, o FC Porto era muito forte comigo, e naqueles dois anos n\u00e3o era muito dif\u00edcil ter afirma\u00e7\u00f5es deste tipo. Agora, pela maturidade e tamb\u00e9m pela situa\u00e7\u00e3o, n\u00e3o vou obviamente dizer isso. Vou dizer que, come\u00e7ando uma \u00e9poca, com uma pr\u00e9-\u00e9poca bem organizada, com um trabalho de escrit\u00f3rio, digamos assim, com todos imbu\u00eddos do mesmo esp\u00edrito, do mesmo objetivo, eu diria que na pr\u00f3xima \u00e9poca o Benfica tem obrigatoriamente boas possibilidades. Neste ano a tabela classificativa demonstra que somos 3.\u00ba a 3 pontos do segundo e a 7, 8 ou 10 do primeiro. Mas como eu disse ontem [sexta-feira], o matematicamente poss\u00edvel alimenta-nos, e o facto de n\u00f3s ainda n\u00e3o termos perdido para o Campeonato e estarmos a conseguir bastantes vit\u00f3rias e alguns empates, uns melhores outros piores, d\u00e1-nos essa esperan\u00e7a, mas n\u00e3o vamos esconder que o FC Porto est\u00e1 a fazer um Campeonato extraordin\u00e1rio e n\u00e3o vamos tamb\u00e9m esconder que o Sporting \u00e9 uma grande equipa, n\u00e3o vamos misturar as coisas. Ter tido aqui e ali objetivamente pontos ca\u00eddos do c\u00e9u, para ser simp\u00e1tico, n\u00e3o vamos esconder que \u00e9 uma grande equipa, com um grande plantel, com grandes jogadores, com um \u00f3timo treinador, n\u00e3o vamos esconder isso. Portanto, \u00e9 dif\u00edcil para n\u00f3s este Sporting e este FC Porto, mas, como n\u00f3s dizemos l\u00e1 no balne\u00e1rio, vamos a eles, vamos ver.&#8221;<\/p>\n<p><img decoding=\"async\" src=\"https:\/\/www.europesays.com\/pt\/wp-content\/uploads\/2026\/01\/richard-rios-thumbnail.jpg\" alt=\"Benfica-Estoril-21\" width=\"926px\" height=\"522px\"\/><\/p>\n<p><strong>RICHARD R\u00cdOS: FOR\u00c7A DA NATUREZA<\/strong><\/p>\n<p>&#8220;Uma for\u00e7a da natureza, quil\u00f3metros percorridos, montes de duelos ganhos, grande fisicalidade, entre aspas, atropela advers\u00e1rios, mas aqui e ali \u00e0s vezes precisamos ter mais bola, menos ganhar e perder. Recupera bola, perde bola, recupera a bola, um passe, dois passes, bola perdida. \u00c0s vezes \u00e9 preciso um bocadinho mais&#8230; no Benfica tem de ser um bocadinho mais&#8230; E n\u00e3o estou a falar especificamente s\u00f3 dele, estou a falar, digamos, daquela zona do campo. Ter mais presen\u00e7a de esp\u00edrito, ter mais Rui Costa, ter mais&#8230; Est\u00e1 a entender? Um bocadinho mais de&#8230; Mas \u00e9 um jogador imprescind\u00edvel para n\u00f3s. Um jogador que est\u00e1 a crescer, e que est\u00e1 a crescer muito. Acho que ele e o Dahl s\u00e3o provavelmente aqueles dois jogadores que nos \u00faltimos dois meses tiveram um impacto maior, um crescimento maior.&#8221;<\/p>\n<p><img decoding=\"async\" src=\"https:\/\/www.europesays.com\/pt\/wp-content\/uploads\/2026\/01\/prestianni-1-thumbnail.jpg\" alt=\"Benfica-Estoril-7\" width=\"926px\" height=\"522px\"\/><\/p>\n<p><strong>EVOLU\u00c7\u00c3O DE PRESTIANNI<\/strong><\/p>\n<p>&#8220;O Prestianni&#8230; n\u00f3s esquecemo-nos, mas ele tem idade para estar a jogar na Equipa B, e quase a ir \u00e0 Youth League a meio da semana jogar com os meninos da idade dele. \u00c0s vezes esquecemos um bocadinho disso pela exig\u00eancia que temos com ele. E estou a dizer eu pr\u00f3prio. Eu pr\u00f3prio tamb\u00e9m \u00e0s vezes me esque\u00e7o e cobro dele coisas que, a mi\u00fados da idade dele, n\u00e3o podemos cobrar. Portanto, ali h\u00e1 sempre o talento, h\u00e1 sempre a expectativa com coisas boas, mas tamb\u00e9m est\u00e1 ali o espa\u00e7o aberto para erros. Agora, ele tem aprendido a defender melhor. Numa equipa como a nossa, que fundamentalmente defende zonal, \u00e9 preciso conhecer o jogo, \u00e9 preciso analisar o jogo, \u00e9 preciso analisar o momento, \u00e9 preciso analisar o posicionamento da bola. E ele est\u00e1 a crescer muito relativamente a isso, sem perder a irrever\u00eancia dele e a qualidade t\u00e9cnica. Portanto, \u00e9 como voc\u00ea diz, tem jogado mais nos \u00faltimos tempos e vai continuar assim. \u00c9 um jogador que est\u00e1 a crescer.&#8221;<\/p>\n","protected":false},"excerpt":{"rendered":"P\u00d3S-JOGO Olhando para o desfecho do Benfica-Estoril (3-1), jogo da 17.\u00aa jornada da Liga Betclic, disputado neste s\u00e1bado,&hellip;\n","protected":false},"author":2,"featured_media":214144,"comment_status":"","ping_status":"","sticky":false,"template":"","format":"standard","meta":{"footnotes":""},"categories":[8],"tags":[27,28,15,16,14,25,26,21,22,12,13,19,20,32,23,24,33,17,18,29,30,31],"class_list":{"0":"post-214143","1":"post","2":"type-post","3":"status-publish","4":"format-standard","5":"has-post-thumbnail","7":"category-principais-noticias","8":"tag-breaking-news","9":"tag-breakingnews","10":"tag-featured-news","11":"tag-featurednews","12":"tag-headlines","13":"tag-latest-news","14":"tag-latestnews","15":"tag-main-news","16":"tag-mainnews","17":"tag-news","18":"tag-noticias","19":"tag-noticias-principais","20":"tag-noticiasprincipais","21":"tag-portugal","22":"tag-principais-noticias","23":"tag-principaisnoticias","24":"tag-pt","25":"tag-top-stories","26":"tag-topstories","27":"tag-ultimas","28":"tag-ultimas-noticias","29":"tag-ultimasnoticias"},"share_on_mastodon":{"url":"https:\/\/pubeurope.com\/@pt\/115834784555723654","error":""},"_links":{"self":[{"href":"https:\/\/www.europesays.com\/pt\/wp-json\/wp\/v2\/posts\/214143","targetHints":{"allow":["GET"]}}],"collection":[{"href":"https:\/\/www.europesays.com\/pt\/wp-json\/wp\/v2\/posts"}],"about":[{"href":"https:\/\/www.europesays.com\/pt\/wp-json\/wp\/v2\/types\/post"}],"author":[{"embeddable":true,"href":"https:\/\/www.europesays.com\/pt\/wp-json\/wp\/v2\/users\/2"}],"replies":[{"embeddable":true,"href":"https:\/\/www.europesays.com\/pt\/wp-json\/wp\/v2\/comments?post=214143"}],"version-history":[{"count":0,"href":"https:\/\/www.europesays.com\/pt\/wp-json\/wp\/v2\/posts\/214143\/revisions"}],"wp:featuredmedia":[{"embeddable":true,"href":"https:\/\/www.europesays.com\/pt\/wp-json\/wp\/v2\/media\/214144"}],"wp:attachment":[{"href":"https:\/\/www.europesays.com\/pt\/wp-json\/wp\/v2\/media?parent=214143"}],"wp:term":[{"taxonomy":"category","embeddable":true,"href":"https:\/\/www.europesays.com\/pt\/wp-json\/wp\/v2\/categories?post=214143"},{"taxonomy":"post_tag","embeddable":true,"href":"https:\/\/www.europesays.com\/pt\/wp-json\/wp\/v2\/tags?post=214143"}],"curies":[{"name":"wp","href":"https:\/\/api.w.org\/{rel}","templated":true}]}}