{"id":214150,"date":"2026-01-04T04:00:08","date_gmt":"2026-01-04T04:00:08","guid":{"rendered":"https:\/\/www.europesays.com\/pt\/214150\/"},"modified":"2026-01-04T04:00:08","modified_gmt":"2026-01-04T04:00:08","slug":"venezuelano-em-arouca-sofre-a-distancia-pela-familia-maduro-merece-estar-preso","status":"publish","type":"post","link":"https:\/\/www.europesays.com\/pt\/214150\/","title":{"rendered":"Venezuelano em Arouca sofre \u00e0 dist\u00e2ncia pela fam\u00edlia: &#8220;Maduro merece estar preso&#8221;"},"content":{"rendered":"<p data-remotead-prev-elm=\"true\" data-remotead-elm-id=\"inread\">A residir atualmente em Arouca, Julio Gomez mant\u00e9m contacto di\u00e1rio com a m\u00e3e e os irm\u00e3os que permanecem na Venezuela. Poucas horas depois dos ataques dos Estados Unidos, confessou ao JN sentir-se sufocado por n\u00e3o poder falar sobre a situa\u00e7\u00e3o do seu pa\u00eds h\u00e1 muitos anos. &#8220;Partilhamos muito, mesmo \u00e0 dist\u00e2ncia&#8221;, diz, enquanto critica o regime chavista de Nicol\u00e1s Maduro, que, na sua \u00f3tica, &#8220;merece estar preso&#8221;.<\/p>\n","protected":false},"excerpt":{"rendered":"A residir atualmente em Arouca, Julio Gomez mant\u00e9m contacto di\u00e1rio com a m\u00e3e e os irm\u00e3os que permanecem&hellip;\n","protected":false},"author":2,"featured_media":214151,"comment_status":"","ping_status":"","sticky":false,"template":"","format":"standard","meta":{"footnotes":""},"categories":[10],"tags":[27,28,35848,41754,15,16,14,34113,41836,25,26,21,22,62,12,13,19,20,32,23,24,33,41838,17,18,29,30,31,41837],"class_list":{"0":"post-214150","1":"post","2":"type-post","3":"status-publish","4":"format-standard","5":"has-post-thumbnail","7":"category-portugal","8":"tag-breaking-news","9":"tag-breakingnews","10":"tag-crise-na-venezuela","11":"tag-eua-atacam-venezuela","12":"tag-featured-news","13":"tag-featurednews","14":"tag-headlines","15":"tag-imigrante","16":"tag-julio-gomez","17":"tag-latest-news","18":"tag-latestnews","19":"tag-main-news","20":"tag-mainnews","21":"tag-mundo","22":"tag-news","23":"tag-noticias","24":"tag-noticias-principais","25":"tag-noticiasprincipais","26":"tag-portugal","27":"tag-principais-noticias","28":"tag-principaisnoticias","29":"tag-pt","30":"tag-testemunho","31":"tag-top-stories","32":"tag-topstories","33":"tag-ultimas","34":"tag-ultimas-noticias","35":"tag-ultimasnoticias","36":"tag-venezuelano-em-portugal"},"share_on_mastodon":{"url":"https:\/\/pubeurope.com\/@pt\/115834835654804338","error":""},"_links":{"self":[{"href":"https:\/\/www.europesays.com\/pt\/wp-json\/wp\/v2\/posts\/214150","targetHints":{"allow":["GET"]}}],"collection":[{"href":"https:\/\/www.europesays.com\/pt\/wp-json\/wp\/v2\/posts"}],"about":[{"href":"https:\/\/www.europesays.com\/pt\/wp-json\/wp\/v2\/types\/post"}],"author":[{"embeddable":true,"href":"https:\/\/www.europesays.com\/pt\/wp-json\/wp\/v2\/users\/2"}],"replies":[{"embeddable":true,"href":"https:\/\/www.europesays.com\/pt\/wp-json\/wp\/v2\/comments?post=214150"}],"version-history":[{"count":0,"href":"https:\/\/www.europesays.com\/pt\/wp-json\/wp\/v2\/posts\/214150\/revisions"}],"wp:featuredmedia":[{"embeddable":true,"href":"https:\/\/www.europesays.com\/pt\/wp-json\/wp\/v2\/media\/214151"}],"wp:attachment":[{"href":"https:\/\/www.europesays.com\/pt\/wp-json\/wp\/v2\/media?parent=214150"}],"wp:term":[{"taxonomy":"category","embeddable":true,"href":"https:\/\/www.europesays.com\/pt\/wp-json\/wp\/v2\/categories?post=214150"},{"taxonomy":"post_tag","embeddable":true,"href":"https:\/\/www.europesays.com\/pt\/wp-json\/wp\/v2\/tags?post=214150"}],"curies":[{"name":"wp","href":"https:\/\/api.w.org\/{rel}","templated":true}]}}