{"id":214152,"date":"2026-01-04T04:01:07","date_gmt":"2026-01-04T04:01:07","guid":{"rendered":"https:\/\/www.europesays.com\/pt\/214152\/"},"modified":"2026-01-04T04:01:07","modified_gmt":"2026-01-04T04:01:07","slug":"o-que-diz-a-acusacao-dos-eua-a-maduro-observador","status":"publish","type":"post","link":"https:\/\/www.europesays.com\/pt\/214152\/","title":{"rendered":"O que diz a acusa\u00e7\u00e3o dos EUA a Maduro \u2013 Observador"},"content":{"rendered":"<p>A Justi\u00e7a dos Estados Unidos acusou Nicol\u00e1s Maduro de usar os seus poderes enquanto deputado, ministro e Presidente para facilitar o transporte de \u201ctoneladas de coca\u00edna\u201d para os EUA, colaborando com organiza\u00e7\u00f5es como as FARC e o Tren de Aragua e vendendo passaportes diplom\u00e1ticos para ajudar o transporte de lucros do tr\u00e1fico no territ\u00f3rio norte-americano.<\/p>\n<p>Para al\u00e9m do Presidente da Venezuela, cinco outras pessoas foram acusadas no mesmo caso: a primeira-dama e deputada Cilia Flores; o filho do Presidente, conhecido como \u2018Nicolasito\u2019 Maduro; o ministro da Administra\u00e7\u00e3o Interna e Justi\u00e7a, Diosdado Cabello, e o seu o antecessor, Ram\u00f3n Rodrigues; e o l\u00edder da organiza\u00e7\u00e3o narcotraficante Tren de Aragua, Hector \u201cNi\u00f1o\u201d Guerrero.<\/p>\n<p>O <a href=\"https:\/\/www.justice.gov\/opa\/media\/1422326\/dl\" rel=\"nofollow noopener\" target=\"_blank\">texto completo da acusa\u00e7\u00e3o<\/a>, promovida pelo procurador federal Jay Clayton no Estado de Nova Iorque, foi publicado pela procuradora-geral Pam Bondi na rede social X. Ali pode ler-se que, \u201ch\u00e1 mais de 25 anos, os l\u00edderes da Venezuela abusam das suas posi\u00e7\u00f5es de confian\u00e7a p\u00fablica e <strong>corrompem institui\u00e7\u00f5es outrora leg\u00edtimas para importar toneladas de coca\u00edna para os Estados Unidos<\/strong>\u201d.<\/p>\n<blockquote class=\"twitter-tweet\" data-width=\"500\" data-dnt=\"true\">\n<p lang=\"en\" dir=\"ltr\">UNSEALED INDICTMENT<\/p>\n<p>Thank you US Attorney Jay Clayton<a href=\"https:\/\/t.co\/2URgPKQ25k\" rel=\"nofollow\">https:\/\/t.co\/2URgPKQ25k<\/a><\/p>\n<p>\u2014 Attorney General Pamela Bondi (@AGPamBondi) <a href=\"https:\/\/twitter.com\/AGPamBondi\/status\/2007468832567222274?ref_src=twsrc%5Etfw\" rel=\"nofollow noopener\" target=\"_blank\">January 3, 2026<\/a><\/p>\n<\/blockquote>\n<p>Ao todo, os seis arguidos s\u00e3o acusados de quatro crimes: conspira\u00e7\u00e3o para cometer narcoterrorismo, conspira\u00e7\u00e3o para importar coca\u00edna para os EUA, posse de metralhadora e dispositivos destrutivos e conspira\u00e7\u00e3o para possuir metralhadoras e dispositivos destrutivos.<\/p>\n<p>Segundo os procuradores norte-americanos, o pa\u00eds come\u00e7ou a ser \u201c<strong>um porto seguro para traficantes<\/strong> de drogas\u201d a partir de 1999. Estes traficantes, afirmam, estavam dispostos a \u201c<strong>pagar por prote\u00e7\u00e3o e apoiar funcion\u00e1rios civis e militares corruptos venezuelanos<\/strong>\u201d para escapar ao \u201calcance das autoridades policiais e das for\u00e7as armadas colombianas, apoiadas pela assist\u00eancia anti-narc\u00f3ticos dos Estados Unidos\u201d.<\/p>\n<p>Na \u201cvanguarda\u201d desta corrup\u00e7\u00e3o, alegam, est\u00e1 Nicol\u00e1s Maduro, que usou a sua \u201cautoridade obtida ilegalmente\u201d para apoiar e fazer parceria com \u201ctraficantes de narc\u00f3ticos e grupos narcoterroristas, que enviam coca\u00edna processada da Venezuela para os Estados Unidos atrav\u00e9s de pontos de transbordo no Caribe e na Am\u00e9rica Central, como Honduras, Guatemala e M\u00e9xico\u201d.<\/p>\n<p>O l\u00edder capturado pelos EUA, l\u00ea-se ainda, \u00e9 acusado de<strong> \u201cparticipar, perpetuar e proteger uma cultura de corrup\u00e7\u00e3o<\/strong> em que as elites venezuelanas poderosas <strong>enriquecem-se atrav\u00e9s de tr\u00e1fico de droga e prote\u00e7\u00e3o dos traficantes<\/strong>\u201c. Todos os lucros deste tr\u00e1fico, indicam, correr\u00e3o para v\u00e1rios funcion\u00e1rios civis e militares, liderados por um grupo de oficiais militares, referidos como o \u201cCartel dos S\u00f3is\u201d.<\/p>\n<p>\u201cNicol\u00e1s Maduro, o arguido, est\u00e1 no <strong>topo de um Governo corrupto e ileg\u00edtimo<\/strong> que, durante d\u00e9cadas, tem usado o poder governamental para proteger e promover atividades ilegais, incluindo o tr\u00e1fico de drogas\u201d, afirmam os procuradores.<\/p>\n<p>Ao todo, cinco organiza\u00e7\u00f5es s\u00e3o listadas como tendo colaborado com o regime de Venezuela: as FARC e o ELN \u2013 organiza\u00e7\u00f5es de guerrilha da Col\u00f4mbia; o Cartel de Sinaloa, os Zetas \u2013 cart\u00e9is do M\u00e9xico; e o Tren de Aragua, organiza\u00e7\u00e3o narcotraficante venezuelana.<\/p>\n<p>Como notou o \u00f3rg\u00e3o noticioso Axios, a maioria das acusa\u00e7\u00f5es feitas por Trump \u00e0 Venezuela no passado envolviam a de ser protagonista no tr\u00e1fico de fentanil para os Estados Unidos. Por\u00e9m, em nenhuma das acusa\u00e7\u00f5es listadas pelo procurador federal mencionavam o fentanil, nem a palavra surge em nenhuma parte do ficheiro.<\/p>\n<p>Um dos principais abusos da \u201cautoridade ilegal\u201d data de antes do in\u00edcio da sua Presid\u00eancia, assumida ap\u00f3s a morte de Hugo Chavez, em 2013. Segundo os procuradores norte-americanos, Maduro, enquanto ministro dos Neg\u00f3cios Estrangeiros entre \u201caproximadamente 2006 e 2008\u201d, ter\u00e1 vendido \u201c<strong>passaportes diplom\u00e1ticos a indiv\u00edduos<\/strong> que [\u2026] sabia serem <strong>traficantes de droga<\/strong>\u201d. Tudo isto, dizem, serviria para ajudar os traficantes a \u201cmover lucros da droga do M\u00e9xico para a Venezuela\u201d.<\/p>\n<p>Para al\u00e9m disto, o ent\u00e3o ministro facilitaria tamb\u00e9m \u201co transporte de avi\u00f5es particulares sob cobertura diplom\u00e1tica para garantir que os voos n\u00e3o fossem inspecionados pelas autoridades policiais ou militares\u201d, facilitando assim a transfer\u00eancia dos \u201clucros do tr\u00e1fico do M\u00e9xico para a Venezuela\u201d.<\/p>\n<p>\u201cNessas ocasi\u00f5es, Maduro ligava para a embaixada venezuelana no M\u00e9xico para avisar que uma miss\u00e3o diplom\u00e1tica chegaria num avi\u00e3o particular. Ent\u00e3o, enquanto os traficantes se reuniam com o embaixador venezuelano no M\u00e9xico sob os <strong>ausp\u00edcios de uma miss\u00e3o diplom\u00e1tica de Maduro<\/strong>, o avi\u00e3o era carregado com o dinheiro proveniente do tr\u00e1fico de drogas. O avi\u00e3o ent\u00e3o retornava \u00e0 Venezuela sob cobertura diplom\u00e1tica\u201d, descrevem os procuradores norte-americanos.<\/p>\n<p>Segundo a acusa\u00e7\u00e3o, \u201centre 2004 e 2015\u201d, o Presidente da Venezuela e a primeira-dama, C\u00edlia Flores, ter\u00e3o trabalhado \u201cem conjunto para traficar coca\u00edna, muita da qual fora intercetada previamente pelas autoridades policiais venezuelanas, com ajuda de escoltas militares armadas\u201d.<\/p>\n<p>\u201cDurante esse per\u00edodo, Maduro e [C\u00edlia] Flores de Maduro mantiveram os seus pr\u00f3prios grupos de gangues patrocinadas pelo Estado, conhecidas como \u2018coletivos\u2019, para facilitar e proteger as suas opera\u00e7\u00f5es de tr\u00e1fico de drogas\u201d, alegam os EUA, acrescentando que o casal \u201c<strong>tamb\u00e9m ordenou sequestros, espancamentos e assassinatos<\/strong> contra aqueles que lhes deviam dinheiro do tr\u00e1fico ou que de alguma forma prejudicavam as suas opera\u00e7\u00f5es de tr\u00e1fico de drogas, incluindo uma ordem de assassinato de um chefe do tr\u00e1fico local em Caracas, Venezuela\u201d.<\/p>\n<p>A pr\u00f3pria C\u00edlia Flores, acusa a justi\u00e7a norte-americana, ter\u00e1 \u201cparticipado numa reuni\u00e3o\u201d em 2007 com um \u201ctraficante em larga escala\u201d e o ent\u00e3o l\u00edder do Gabinete Nacional Anti-Drogas, Nestor Reverol Torres. Flores \u00e9 acusada de ter aceitado \u201ccentenas de milhares de d\u00f3lares em subornos\u201d para arranjar esse encontro e de receber, mais tarde, parte de um suborno pago por esse traficante ao chefe do gabinete anti-droga.<\/p>\n<p>Diosdado Cabello, atual ministro da Administra\u00e7\u00e3o Interna e da Justi\u00e7a e bra\u00e7o-direito do Presidente, \u00e9 acusado de ser um facilitador e ajudar no transporte da droga, acabando por beneficiar desse esquema, no qual ter\u00e1 participado at\u00e9 2025.<\/p>\n<p>A acusa\u00e7\u00e3o afirma que, \u201centre cerca de 2003 e 2011\u201d, Cabello \u201c<strong>trabalhou com um grupo de traficantes de droga colombianos<\/strong> para despachar contentores de carga em navios porta-contentores\u201d. Estes navios, l\u00ea-se, transportavam \u201ccinco a seis toneladas de coca\u00edna cada, e \u00e0s vezes at\u00e9 20 toneladas cada, de portos na Venezuela para portos no M\u00e9xico e, finalmente, para os Estados Unidos\u201d. Todo o processo era protegido por um grupo de \u201coficiais militares venezuelanos\u201d, referidos como \u201cos generais\u201d.<\/p>\n<p>Cabello ter\u00e1 feito v\u00e1rias viagens para garantir o transporte de drogas, aterrando em pistas controladas pelo ELN perto da fronteira com a Col\u00f4mbia. Dessas pistas, alegam os norte-americanos, partiram v\u00e1rios carregamentos de droga que chegaram aos EUA.<\/p>\n<p>Os procuradores mencionam ainda v\u00e1rias opera\u00e7\u00f5es espec\u00edficas\u00a0em que Diosdado Cabello foi parte ativa. Uma delas ocorreu, \u201cpor volta de 2006\u201d, afirmando que Cabello, ent\u00e3o diretor da ag\u00eancia de espionagem militar, ter\u00e1 ajudado ao transporte de \u201c<strong>mais de 5,5 toneladas de coca\u00edna da Venezuela<\/strong>\u201d, a partir do aeroporto de Maiquetia, para o M\u00e9xico num jato DC-9\u201d e de receber subornos para garantir que os facilitadores n\u00e3o fossem presos na Venezuela, ap\u00f3s a carga ser intercetada no M\u00e9xico.<\/p>\n<p>Sete anos depois, com Maduro j\u00e1 na Presid\u00eancia da Venezuela, Cabello ter\u00e1 participado no envio de 1,3 toneladas de coca\u00edna para Fran\u00e7a a partir do mesmo Aeroporto de Maiquetia. \u00c0 chegada, no aeroporto Charles de Gaulle, a droga foi intercetada pelas autoridades francesas. Este incidente levou<strong> a uma repreens\u00e3o do Presidente da Venezuela a Cabello<\/strong> por ter usado o mesmo aeroporto do caso das drogas intercetadas no M\u00e9xico e que \u201cdeveriam usar outras rotas e locais bem estabelecidos para enviar coca\u00edna\u201d.<\/p>\n<p>            <script async src=\"https:\/\/platform.twitter.com\/widgets.js\" charset=\"utf-8\"><\/script><\/p>\n","protected":false},"excerpt":{"rendered":"A Justi\u00e7a dos Estados Unidos acusou Nicol\u00e1s Maduro de usar os seus poderes enquanto deputado, ministro e Presidente&hellip;\n","protected":false},"author":2,"featured_media":214153,"comment_status":"","ping_status":"","sticky":false,"template":"","format":"standard","meta":{"footnotes":""},"categories":[8],"tags":[624,27,28,604,623,15,16,14,25,26,21,22,62,8035,12,13,19,20,32,23,24,33,58,17,18,29,30,31,3023],"class_list":{"0":"post-214152","1":"post","2":"type-post","3":"status-publish","4":"format-standard","5":"has-post-thumbnail","7":"category-principais-noticias","8":"tag-amu00e9rica","9":"tag-breaking-news","10":"tag-breakingnews","11":"tag-crime","12":"tag-estados-unidos-da-amu00e9rica","13":"tag-featured-news","14":"tag-featurednews","15":"tag-headlines","16":"tag-latest-news","17":"tag-latestnews","18":"tag-main-news","19":"tag-mainnews","20":"tag-mundo","21":"tag-narcotru00e1fico","22":"tag-news","23":"tag-noticias","24":"tag-noticias-principais","25":"tag-noticiasprincipais","26":"tag-portugal","27":"tag-principais-noticias","28":"tag-principaisnoticias","29":"tag-pt","30":"tag-sociedade","31":"tag-top-stories","32":"tag-topstories","33":"tag-ultimas","34":"tag-ultimas-noticias","35":"tag-ultimasnoticias","36":"tag-venezuela"},"share_on_mastodon":{"url":"https:\/\/pubeurope.com\/@pt\/115834839708711353","error":""},"_links":{"self":[{"href":"https:\/\/www.europesays.com\/pt\/wp-json\/wp\/v2\/posts\/214152","targetHints":{"allow":["GET"]}}],"collection":[{"href":"https:\/\/www.europesays.com\/pt\/wp-json\/wp\/v2\/posts"}],"about":[{"href":"https:\/\/www.europesays.com\/pt\/wp-json\/wp\/v2\/types\/post"}],"author":[{"embeddable":true,"href":"https:\/\/www.europesays.com\/pt\/wp-json\/wp\/v2\/users\/2"}],"replies":[{"embeddable":true,"href":"https:\/\/www.europesays.com\/pt\/wp-json\/wp\/v2\/comments?post=214152"}],"version-history":[{"count":0,"href":"https:\/\/www.europesays.com\/pt\/wp-json\/wp\/v2\/posts\/214152\/revisions"}],"wp:featuredmedia":[{"embeddable":true,"href":"https:\/\/www.europesays.com\/pt\/wp-json\/wp\/v2\/media\/214153"}],"wp:attachment":[{"href":"https:\/\/www.europesays.com\/pt\/wp-json\/wp\/v2\/media?parent=214152"}],"wp:term":[{"taxonomy":"category","embeddable":true,"href":"https:\/\/www.europesays.com\/pt\/wp-json\/wp\/v2\/categories?post=214152"},{"taxonomy":"post_tag","embeddable":true,"href":"https:\/\/www.europesays.com\/pt\/wp-json\/wp\/v2\/tags?post=214152"}],"curies":[{"name":"wp","href":"https:\/\/api.w.org\/{rel}","templated":true}]}}